{"id":159017,"date":"2020-03-20T07:42:16","date_gmt":"2020-03-20T10:42:16","guid":{"rendered":"http:\/\/www.caririemacao.com\/1\/?p=159017"},"modified":"2020-03-20T07:42:17","modified_gmt":"2020-03-20T10:42:17","slug":"covid-19-ministerio-muda-protocolo-de-atendimento-em-posto-de","status":"publish","type":"post","link":"https:\/\/www.caririemacao.com\/1\/2020\/03\/20\/covid-19-ministerio-muda-protocolo-de-atendimento-em-posto-de\/","title":{"rendered":"Covid-19: minist\u00e9rio muda protocolo de atendimento em posto de"},"content":{"rendered":"\n<p>O Minist\u00e9rio da Sa\u00fade anunciou nesta quinta-feira(19) mudan\u00e7as nos protocolos adotados nos postos de sa\u00fade em raz\u00e3o da epidemia do novo coronav\u00edrus. As novas regras dizem respeito ao atendimento dos pacientes com sintomas da doen\u00e7a e ao encaminhamento de casos mais graves.<\/p>\n\n\n\n<p>De acordo com o protocolo, pessoas com sintomas respirat\u00f3rios devem comunicar a situa\u00e7\u00e3o assim que chegarem aos postos. Quem estiver nessa condi\u00e7\u00e3o ter\u00e1 um tratamento espec\u00edfico, com prioridade para idosos acima de 60 anos, pessoas com doen\u00e7as cr\u00f4nicas, gestante e mulheres dentro do prazo de at\u00e9 45 dias ap\u00f3s o parto.<\/p>\n\n\n\n<p>Parte do protocolo envolve um sistema de triagem mais r\u00e1pido (<em>fast track<\/em>, no termo em ingl\u00eas), no qual o paciente com sintomas \u00e9 levado para um local espec\u00edfico e profissionais levantam as informa\u00e7\u00f5es, mantendo distanciamento adequado. A orienta\u00e7\u00e3o do minist\u00e9rio \u00e9 que esses espa\u00e7os sejam ventilados, de modo a evitar os riscos de cont\u00e1gio.<\/p>\n\n\n\n<p>Os casos com sintomas leves de gripe, sem dificuldades respirat\u00f3rias ou doen\u00e7as preexistentes, ser\u00e3o atendidos no pr\u00f3prio posto de sa\u00fade. Em cidades com&nbsp;<a href=\"https:\/\/agenciabrasil.ebc.com.br\/saude\/noticia\/2020-03\/acompanhe-ao-vivo-brasil-tem-621-casos-confirmados-de-covid19-seis-mortes\" target=\"_blank\" rel=\"noreferrer noopener\">transmiss\u00e3o comunit\u00e1ria<\/a>, a s\u00edndrome gripal ser\u00e1 tratada como infec\u00e7\u00e3o pelo novo coronav\u00edrus e o paciente ser\u00e1 encaminhado ao isolamento domiciliar do paciente e dos familiares por 14 dias.<\/p>\n\n\n\n<p>Nas demais regi\u00f5es, tamb\u00e9m vale o isolamento, com monitoramento pelos profissionais de sa\u00fade a cada 48h. Caso familiares tamb\u00e9m apresentem sintomas, o que pode ser indica\u00e7\u00e3o de infec\u00e7\u00e3o, devem utilizar m\u00e1scaras, inclusive quando forem procurar atendimento na unidade de sa\u00fade.<\/p>\n\n\n\n<p>J\u00e1 os casos mais graves ser\u00e3o encaminhados para hospitais. Isso envolve pessoas com dificuldade de respirar e com doen\u00e7as card\u00edacas, respirat\u00f3rias cr\u00f4nicas, renais ou cromoss\u00f4micas.<\/p>\n\n\n\n<h2 class=\"wp-block-heading\">Postos de sa\u00fade<\/h2>\n\n\n\n<p>Em entrevista coletiva para atualizar a situa\u00e7\u00e3o da epidemia no pa\u00eds concedida hoje (19), a equipe do Minist\u00e9rio da Sa\u00fade voltou a enfatizar que pessoas com sintomas sem complica\u00e7\u00f5es n\u00e3o devem sobrecarregar o sistema de sa\u00fade.<\/p>\n\n\n\n<p>\u201cPessoas n\u00e3o devem procurar portas de urg\u00eancia ou hospitais. O local para ser procurado s\u00e3o os postos de sa\u00fade de todo o Brasil\u201d, explicou o secret\u00e1rio de aten\u00e7\u00e3o prim\u00e1ria \u00e0 sa\u00fade do Minist\u00e9rio da Sa\u00fade, Erno Herzheim.<\/p>\n\n\n\n<h2 class=\"wp-block-heading\">Testes<\/h2>\n\n\n\n<p>Na entrevista coletiva, os representantes do Minist\u00e9rio da Sa\u00fade tamb\u00e9m argumentaram que, diante da impossibilidade de testar todas as pessoas, os exames ser\u00e3o realizados prioritariamente em situa\u00e7\u00e3o grave, como em interna\u00e7\u00e3o. Em diversas cidades v\u00eam havendo reclama\u00e7\u00f5es de dificuldade para efetuar o teste.<\/p>\n\n\n\n<p>\u201cNossa prioridade \u00e9 poder ter garantia do teste para casos graves. Ningu\u00e9m vai ser prejudicado por n\u00e3o fazer o teste. Ele serve para saber quem tem coronav\u00edrus e entrar em isolamento. J\u00e1 estamos recomendando que pessoas com sintomas entrem em isolamento. Os assintom\u00e1ticos n\u00e3o fariam teste. N\u00e3o tem como fazer teste agora\u201d, pontuou o secret\u00e1rio executivo da pasta, Jo\u00e3o Gabbardo dos Reis.<\/p>\n","protected":false},"excerpt":{"rendered":"<p>O Minist\u00e9rio da Sa\u00fade anunciou nesta quinta-feira(19) mudan\u00e7as nos protocolos adotados nos postos de sa\u00fade em raz\u00e3o da epidemia do novo coronav\u00edrus. As novas regras&hellip; <\/p>\n","protected":false},"author":2,"featured_media":159018,"comment_status":"closed","ping_status":"closed","sticky":false,"template":"","format":"standard","meta":{"sfsi_plus_gutenberg_text_before_share":"","sfsi_plus_gutenberg_show_text_before_share":"","sfsi_plus_gutenberg_icon_type":"","sfsi_plus_gutenberg_icon_alignemt":"","sfsi_plus_gutenburg_max_per_row":"","footnotes":""},"categories":[2],"tags":[],"class_list":["post-159017","post","type-post","status-publish","format-standard","has-post-thumbnail","hentry","category-geral"],"_links":{"self":[{"href":"https:\/\/www.caririemacao.com\/1\/wp-json\/wp\/v2\/posts\/159017","targetHints":{"allow":["GET"]}}],"collection":[{"href":"https:\/\/www.caririemacao.com\/1\/wp-json\/wp\/v2\/posts"}],"about":[{"href":"https:\/\/www.caririemacao.com\/1\/wp-json\/wp\/v2\/types\/post"}],"author":[{"embeddable":true,"href":"https:\/\/www.caririemacao.com\/1\/wp-json\/wp\/v2\/users\/2"}],"replies":[{"embeddable":true,"href":"https:\/\/www.caririemacao.com\/1\/wp-json\/wp\/v2\/comments?post=159017"}],"version-history":[{"count":1,"href":"https:\/\/www.caririemacao.com\/1\/wp-json\/wp\/v2\/posts\/159017\/revisions"}],"predecessor-version":[{"id":159019,"href":"https:\/\/www.caririemacao.com\/1\/wp-json\/wp\/v2\/posts\/159017\/revisions\/159019"}],"wp:featuredmedia":[{"embeddable":true,"href":"https:\/\/www.caririemacao.com\/1\/wp-json\/wp\/v2\/media\/159018"}],"wp:attachment":[{"href":"https:\/\/www.caririemacao.com\/1\/wp-json\/wp\/v2\/media?parent=159017"}],"wp:term":[{"taxonomy":"category","embeddable":true,"href":"https:\/\/www.caririemacao.com\/1\/wp-json\/wp\/v2\/categories?post=159017"},{"taxonomy":"post_tag","embeddable":true,"href":"https:\/\/www.caririemacao.com\/1\/wp-json\/wp\/v2\/tags?post=159017"}],"curies":[{"name":"wp","href":"https:\/\/api.w.org\/{rel}","templated":true}]}}