{"id":159021,"date":"2020-03-20T07:43:51","date_gmt":"2020-03-20T10:43:51","guid":{"rendered":"http:\/\/www.caririemacao.com\/1\/?p=159021"},"modified":"2020-03-20T07:43:53","modified_gmt":"2020-03-20T10:43:53","slug":"mec-calendario-letivo-pode-ser-flexibilizado-em-funcao-do-coronavirus","status":"publish","type":"post","link":"https:\/\/www.caririemacao.com\/1\/2020\/03\/20\/mec-calendario-letivo-pode-ser-flexibilizado-em-funcao-do-coronavirus\/","title":{"rendered":"MEC: calend\u00e1rio letivo pode ser flexibilizado em fun\u00e7\u00e3o do coronav\u00edrus"},"content":{"rendered":"\n<p>O Minist\u00e9rio da Educa\u00e7\u00e3o e as secretarias estaduais e municipais da \u00e1rea podem flexibilizar o calend\u00e1rio letivo da educa\u00e7\u00e3o b\u00e1sica, que prev\u00ea o m\u00ednimo de 200 dias letivos por ano conforme a Lei de Diretrizes e Bases (LDB). A medida foi discutida em reuni\u00e3o do comit\u00ea de emerg\u00eancia da pasta, realizada hoje (19), e est\u00e1 sendo avaliada.<\/p>\n\n\n\n<p>Al\u00e9m disso, as autoridades do setor tamb\u00e9m estudam o quanto da carga hor\u00e1ria poderia ser ofertada pela modalidade a dist\u00e2ncia.<\/p>\n\n\n\n<p>Nas universidades, o \u00f3rg\u00e3o vai recomendar a suspens\u00e3o por dois meses das defesas presenciais de tese de doutorado e de disserta\u00e7\u00f5es de mestrado, que dever\u00e3o ser realizadas por meios virtuais.<\/p>\n\n\n\n<p>No encontro, representantes de universidades se comprometeram a avaliar a possibilidade de utilizar as estruturas de suas unidades, como hospitais universit\u00e1rios, para a produ\u00e7\u00e3o de \u00e1lcool gel.<\/p>\n\n\n\n<p>O Fundo Nacional de Desenvolvimento (FNDE) analisa a possibilidade de custear a alimenta\u00e7\u00e3o escolar de alunos de menor renda.<\/p>\n","protected":false},"excerpt":{"rendered":"<p>O Minist\u00e9rio da Educa\u00e7\u00e3o e as secretarias estaduais e municipais da \u00e1rea podem flexibilizar o calend\u00e1rio letivo da educa\u00e7\u00e3o b\u00e1sica, que prev\u00ea o m\u00ednimo de&hellip; <\/p>\n","protected":false},"author":2,"featured_media":159022,"comment_status":"closed","ping_status":"closed","sticky":false,"template":"","format":"standard","meta":{"sfsi_plus_gutenberg_text_before_share":"","sfsi_plus_gutenberg_show_text_before_share":"","sfsi_plus_gutenberg_icon_type":"","sfsi_plus_gutenberg_icon_alignemt":"","sfsi_plus_gutenburg_max_per_row":"","footnotes":""},"categories":[14],"tags":[],"class_list":["post-159021","post","type-post","status-publish","format-standard","has-post-thumbnail","hentry","category-educacao"],"_links":{"self":[{"href":"https:\/\/www.caririemacao.com\/1\/wp-json\/wp\/v2\/posts\/159021","targetHints":{"allow":["GET"]}}],"collection":[{"href":"https:\/\/www.caririemacao.com\/1\/wp-json\/wp\/v2\/posts"}],"about":[{"href":"https:\/\/www.caririemacao.com\/1\/wp-json\/wp\/v2\/types\/post"}],"author":[{"embeddable":true,"href":"https:\/\/www.caririemacao.com\/1\/wp-json\/wp\/v2\/users\/2"}],"replies":[{"embeddable":true,"href":"https:\/\/www.caririemacao.com\/1\/wp-json\/wp\/v2\/comments?post=159021"}],"version-history":[{"count":1,"href":"https:\/\/www.caririemacao.com\/1\/wp-json\/wp\/v2\/posts\/159021\/revisions"}],"predecessor-version":[{"id":159023,"href":"https:\/\/www.caririemacao.com\/1\/wp-json\/wp\/v2\/posts\/159021\/revisions\/159023"}],"wp:featuredmedia":[{"embeddable":true,"href":"https:\/\/www.caririemacao.com\/1\/wp-json\/wp\/v2\/media\/159022"}],"wp:attachment":[{"href":"https:\/\/www.caririemacao.com\/1\/wp-json\/wp\/v2\/media?parent=159021"}],"wp:term":[{"taxonomy":"category","embeddable":true,"href":"https:\/\/www.caririemacao.com\/1\/wp-json\/wp\/v2\/categories?post=159021"},{"taxonomy":"post_tag","embeddable":true,"href":"https:\/\/www.caririemacao.com\/1\/wp-json\/wp\/v2\/tags?post=159021"}],"curies":[{"name":"wp","href":"https:\/\/api.w.org\/{rel}","templated":true}]}}