{"id":159025,"date":"2020-03-20T07:45:11","date_gmt":"2020-03-20T10:45:11","guid":{"rendered":"http:\/\/www.caririemacao.com\/1\/?p=159025"},"modified":"2020-03-20T07:45:12","modified_gmt":"2020-03-20T10:45:12","slug":"bolsa-sobe-quase-215-e-dolar-cai-para-r-510-em-dia-de-recuperacao","status":"publish","type":"post","link":"https:\/\/www.caririemacao.com\/1\/2020\/03\/20\/bolsa-sobe-quase-215-e-dolar-cai-para-r-510-em-dia-de-recuperacao\/","title":{"rendered":"Bolsa sobe quase 2,15%, e d\u00f3lar cai para R$ 5,10 em dia de recupera\u00e7\u00e3o"},"content":{"rendered":"\n<p>Em meio ao an\u00fancio de medidas emergenciais no Brasil e \u00e0 inje\u00e7\u00e3o de recursos no exterior, o mercado financeiro teve um dia de tr\u00e9gua. A bolsa de valores, que&nbsp;ontem&nbsp;(18) caiu 10,35%, recuperou parcialmente as perdas hoje (19). O d\u00f3lar, que&nbsp;ontem&nbsp;fechou em R$ 5,19, teve a maior queda percentual di\u00e1ria em quase um ano e meio, mas continuou acima de R$ 5.<\/p>\n\n\n\n<p>O \u00edndice Ibovespa, da B3, a Bolsa de Valores brasileira, fechou esta&nbsp;quinta-feira aos 68.332 pontos, com alta de 2,15%. O \u00edndice oscilou bastante, chegando a operar em baixa de 7,7% por volta das 10h45, mas reagiu a partir do fim da manh\u00e3.<\/p>\n\n\n\n<p>Depois de bater recorde nominal \u2013 sem a infla\u00e7\u00e3o \u2013&nbsp;ontem, o d\u00f3lar comercial encerrou&nbsp;hoje&nbsp;o dia vendido a R$ 5,104, com recuo de R$ 0,093 (-1,8%). Essa foi a maior queda percentual para um dia desde outubro de 2018. Na m\u00ednima do dia, por volta das 16h40, a moeda chegou a cair para R$ 5,08.<\/p>\n\n\n\n<p>A divisa acumula alta de 27,19% em 2020.&nbsp;Hoje, o Banco Central (BC) vendeu US$ 2 bilh\u00f5es de das reservas internacionais em leil\u00f5es de linha. Nessa modalidade, a autoridade monet\u00e1ria vende recursos das reservas com o compromisso de recomprar o dinheiro daqui a uns meses. O BC tamb\u00e9m vendeu US$ 635 milh\u00f5es de d\u00f3lares diretamente das reservas internacionais.<\/p>\n\n\n\n<h2 class=\"wp-block-heading\">Estados Unidos<\/h2>\n\n\n\n<p>Hoje, o Federal Reserve, Banco Central norte-americano,&nbsp;<a href=\"https:\/\/agenciabrasil.ebc.com.br\/economia\/noticia\/2020-03\/bc-e-fed-fecham-acordo-para-ampliar-oferta-de-dolar-em-us-60-bilhoes\" target=\"_blank\" rel=\"noreferrer noopener\">anunciou um acordo<\/a>&nbsp;com os principais Bancos Centrais do mundo para ampliar a oferta de d\u00f3lares em at\u00e9 US$ 450 bilh\u00f5es em todo o planeta. O Brasil ficar\u00e1 com US$ 60 bilh\u00f5es em linhas de&nbsp;<em>swap<\/em>&nbsp;(troca de recursos).<\/p>\n\n\n\n<h2 class=\"wp-block-heading\">Pacote de medidas<\/h2>\n\n\n\n<p>No Brasil, o mercado continua a reagir ao decreto de estado de calamidade p\u00fablica, que permitir\u00e1 o descumprimento da meta fiscal de d\u00e9ficit prim\u00e1rio de R$ 124,1 bilh\u00f5es prevista para este ano. Paralelamente, o Minist\u00e9rio da Economia est\u00e1 anunciando uma s\u00e9rie de medidas para ajudar na manuten\u00e7\u00e3o do emprego e flexibilizar a legisla\u00e7\u00e3o trabalhista enquanto durar a crise. O Minist\u00e9rio de Infraestrutura anunciou medidas de al\u00edvio para empresas a\u00e9reas. As medidas aliviam a perda de valor de a\u00e7\u00f5es de diversas empresas.<\/p>\n\n\n\n<h2 class=\"wp-block-heading\">Petr\u00f3leo<\/h2>\n\n\n\n<p>A intensifica\u00e7\u00e3o da guerra de pre\u00e7os do petr\u00f3leo entre Ar\u00e1bia Saudita e R\u00fassia deu uma tr\u00e9gua&nbsp;hoje. Os dois pa\u00edses est\u00e3o aumentando a produ\u00e7\u00e3o de barris, o que tem provocado uma redu\u00e7\u00e3o na cota\u00e7\u00e3o do produto.<\/p>\n\n\n\n<p>O barril do tipo Brent, que&nbsp;ontem&nbsp;atingiu o menor n\u00edvel em 18 anos, subiu&nbsp;hoje. Por volta das 18h, a cota\u00e7\u00e3o estava em US$ 28,13, com alta de 13,06%. As a\u00e7\u00f5es da Petrobras, as mais negociadas na bolsa, que&nbsp;ontem&nbsp;desabaram cerca de 13%, subiram. Os pap\u00e9is ordin\u00e1rios (com direito a voto em assembleia de acionistas) valorizaram-se 12,67% nesta&nbsp;quinta. Os pap\u00e9is preferenciais (com prefer\u00eancia na distribui\u00e7\u00e3o de dividendos) subiram 8,15%.<\/p>\n","protected":false},"excerpt":{"rendered":"<p>Em meio ao an\u00fancio de medidas emergenciais no Brasil e \u00e0 inje\u00e7\u00e3o de recursos no exterior, o mercado financeiro teve um dia de tr\u00e9gua. A&hellip; <\/p>\n","protected":false},"author":2,"featured_media":106142,"comment_status":"closed","ping_status":"closed","sticky":false,"template":"","format":"standard","meta":{"sfsi_plus_gutenberg_text_before_share":"","sfsi_plus_gutenberg_show_text_before_share":"","sfsi_plus_gutenberg_icon_type":"","sfsi_plus_gutenberg_icon_alignemt":"","sfsi_plus_gutenburg_max_per_row":"","footnotes":""},"categories":[2],"tags":[],"class_list":["post-159025","post","type-post","status-publish","format-standard","has-post-thumbnail","hentry","category-geral"],"_links":{"self":[{"href":"https:\/\/www.caririemacao.com\/1\/wp-json\/wp\/v2\/posts\/159025","targetHints":{"allow":["GET"]}}],"collection":[{"href":"https:\/\/www.caririemacao.com\/1\/wp-json\/wp\/v2\/posts"}],"about":[{"href":"https:\/\/www.caririemacao.com\/1\/wp-json\/wp\/v2\/types\/post"}],"author":[{"embeddable":true,"href":"https:\/\/www.caririemacao.com\/1\/wp-json\/wp\/v2\/users\/2"}],"replies":[{"embeddable":true,"href":"https:\/\/www.caririemacao.com\/1\/wp-json\/wp\/v2\/comments?post=159025"}],"version-history":[{"count":1,"href":"https:\/\/www.caririemacao.com\/1\/wp-json\/wp\/v2\/posts\/159025\/revisions"}],"predecessor-version":[{"id":159026,"href":"https:\/\/www.caririemacao.com\/1\/wp-json\/wp\/v2\/posts\/159025\/revisions\/159026"}],"wp:featuredmedia":[{"embeddable":true,"href":"https:\/\/www.caririemacao.com\/1\/wp-json\/wp\/v2\/media\/106142"}],"wp:attachment":[{"href":"https:\/\/www.caririemacao.com\/1\/wp-json\/wp\/v2\/media?parent=159025"}],"wp:term":[{"taxonomy":"category","embeddable":true,"href":"https:\/\/www.caririemacao.com\/1\/wp-json\/wp\/v2\/categories?post=159025"},{"taxonomy":"post_tag","embeddable":true,"href":"https:\/\/www.caririemacao.com\/1\/wp-json\/wp\/v2\/tags?post=159025"}],"curies":[{"name":"wp","href":"https:\/\/api.w.org\/{rel}","templated":true}]}}