{"id":159028,"date":"2020-03-20T07:46:53","date_gmt":"2020-03-20T10:46:53","guid":{"rendered":"http:\/\/www.caririemacao.com\/1\/?p=159028"},"modified":"2020-03-20T07:46:56","modified_gmt":"2020-03-20T10:46:56","slug":"exames-para-o-coronavirus-serao-realizados-em-laboratorio-da-paraiba","status":"publish","type":"post","link":"https:\/\/www.caririemacao.com\/1\/2020\/03\/20\/exames-para-o-coronavirus-serao-realizados-em-laboratorio-da-paraiba\/","title":{"rendered":"Exames para o coronav\u00edrus ser\u00e3o realizados em laborat\u00f3rio da Para\u00edba"},"content":{"rendered":"\n<p> Apartir do m\u00eas de abril, os exames para o coronav\u00edrus ser\u00e3o realizados no Laborat\u00f3rio Central da Para\u00edba (Lacen-PB), uma das unidades da Secretaria de Estado da Sa\u00fade (SES). Nesta semana, t\u00e9cnicos do laborat\u00f3rio participaram de um treinamento e agora est\u00e3o aptos a realizar estes exames, que, no momento, s\u00e3o feitos no Instituto Evandro Chagas, no Estado do Par\u00e1.<\/p>\n\n\n\n<p>Com os exames realizados dentro do estado, a previs\u00e3o \u00e9 que o diagn\u00f3stico seja mais r\u00e1pido. Por\u00e9m, o secret\u00e1rio de Estado da Sa\u00fade, Geraldo Medeiros, lembra que nada muda na conduta e manejo do paciente com sintomas leves.<\/p>\n\n\n\n<figure class=\"wp-block-image\"><img decoding=\"async\" data-src=\"https:\/\/paraibaonline.com.br\/wp-content\/uploads\/2020\/03\/coronavirus0103209884_0.jpg\" alt=\"Foto: ABr\" class=\"wp-image-843314 lazyload\" src=\"data:image\/svg+xml;base64,PHN2ZyB3aWR0aD0iMSIgaGVpZ2h0PSIxIiB4bWxucz0iaHR0cDovL3d3dy53My5vcmcvMjAwMC9zdmciPjwvc3ZnPg==\" \/><\/figure>\n\n\n\n<p>Foto: Ag\u00eancia Brasil<\/p>\n\n\n\n<p>\u201cPara fazer o teste, \u00e9 preciso apresentar algum dos seguintes crit\u00e9rios: a pessoa ter viajado para \u00e1reas end\u00eamicas, nos \u00faltimos 14 dias, ou que teve contato com algum caso confirmado ou suspeito e que apresente febre e pelo menos um dos sinais ou sintomas gripais como tosse, dificuldade para respirar, congest\u00e3o nasal, dor de garganta e coriza\u201d, disse.<\/p>\n\n\n\n<p>Enquanto isso, a SES est\u00e1 trabalhando na vigil\u00e2ncia e notifica\u00e7\u00e3o de casos do novo coronav\u00edrus (Covid-19). Al\u00e9m de testar quem se enquadra nos crit\u00e9rios t\u00e9cnicos e protocolo exigidos pelo Minist\u00e9rio da Sa\u00fade, a equipe de vigil\u00e2ncia da Secretaria atende em plant\u00e3o 24h para d\u00favidas e consultas.<\/p>\n\n\n\n<p>Foram colocadas linhas telef\u00f4nicas (99146-9790 e 99146-9250) para tirar todas as d\u00favidas dos profissionais de sa\u00fade e a popula\u00e7\u00e3o em geral, fazendo o encaminhamento necess\u00e1rio, de acordo com a situa\u00e7\u00e3o e nesta quinta-feira (19) foi aberto um posto de coleta para onde est\u00e3o sendo encaminhadas as pessoas que apresentam os sintomas da Covid-19.<\/p>\n\n\n\n<p>Al\u00e9m disso, a recomenda\u00e7\u00e3o \u00e9 que as pessoas, acima de 60 anos, diab\u00e9ticas, hipertensas, enfisematosas, renais cr\u00f4nicas, cirr\u00f3ticas, com c\u00e2ncer, na fase de quimioterapia, portadores de l\u00fapus, artrite reumatoide e que utilizam corticoides devem permanecer em casa, evitando aglomera\u00e7\u00f5es.<\/p>\n","protected":false},"excerpt":{"rendered":"<p>Apartir do m\u00eas de abril, os exames para o coronav\u00edrus ser\u00e3o realizados no Laborat\u00f3rio Central da Para\u00edba (Lacen-PB), uma das unidades da Secretaria de Estado&hellip; <\/p>\n","protected":false},"author":2,"featured_media":158897,"comment_status":"closed","ping_status":"closed","sticky":false,"template":"","format":"standard","meta":{"sfsi_plus_gutenberg_text_before_share":"","sfsi_plus_gutenberg_show_text_before_share":"","sfsi_plus_gutenberg_icon_type":"","sfsi_plus_gutenberg_icon_alignemt":"","sfsi_plus_gutenburg_max_per_row":"","footnotes":""},"categories":[16],"tags":[],"class_list":["post-159028","post","type-post","status-publish","format-standard","has-post-thumbnail","hentry","category-saude"],"_links":{"self":[{"href":"https:\/\/www.caririemacao.com\/1\/wp-json\/wp\/v2\/posts\/159028","targetHints":{"allow":["GET"]}}],"collection":[{"href":"https:\/\/www.caririemacao.com\/1\/wp-json\/wp\/v2\/posts"}],"about":[{"href":"https:\/\/www.caririemacao.com\/1\/wp-json\/wp\/v2\/types\/post"}],"author":[{"embeddable":true,"href":"https:\/\/www.caririemacao.com\/1\/wp-json\/wp\/v2\/users\/2"}],"replies":[{"embeddable":true,"href":"https:\/\/www.caririemacao.com\/1\/wp-json\/wp\/v2\/comments?post=159028"}],"version-history":[{"count":1,"href":"https:\/\/www.caririemacao.com\/1\/wp-json\/wp\/v2\/posts\/159028\/revisions"}],"predecessor-version":[{"id":159029,"href":"https:\/\/www.caririemacao.com\/1\/wp-json\/wp\/v2\/posts\/159028\/revisions\/159029"}],"wp:featuredmedia":[{"embeddable":true,"href":"https:\/\/www.caririemacao.com\/1\/wp-json\/wp\/v2\/media\/158897"}],"wp:attachment":[{"href":"https:\/\/www.caririemacao.com\/1\/wp-json\/wp\/v2\/media?parent=159028"}],"wp:term":[{"taxonomy":"category","embeddable":true,"href":"https:\/\/www.caririemacao.com\/1\/wp-json\/wp\/v2\/categories?post=159028"},{"taxonomy":"post_tag","embeddable":true,"href":"https:\/\/www.caririemacao.com\/1\/wp-json\/wp\/v2\/tags?post=159028"}],"curies":[{"name":"wp","href":"https:\/\/api.w.org\/{rel}","templated":true}]}}