{"id":159033,"date":"2020-03-20T07:50:54","date_gmt":"2020-03-20T10:50:54","guid":{"rendered":"http:\/\/www.caririemacao.com\/1\/?p=159033"},"modified":"2020-03-20T07:50:56","modified_gmt":"2020-03-20T10:50:56","slug":"atencao-2a-reducao-no-preco-da-gasolina-na-semana-e-anunciada-pela-petrobras","status":"publish","type":"post","link":"https:\/\/www.caririemacao.com\/1\/2020\/03\/20\/atencao-2a-reducao-no-preco-da-gasolina-na-semana-e-anunciada-pela-petrobras\/","title":{"rendered":"Aten\u00e7\u00e3o! 2\u00aa redu\u00e7\u00e3o no pre\u00e7o da gasolina na semana \u00e9 anunciada pela Petrobras"},"content":{"rendered":"\n<p>A Petrobras informou que reajustou os pre\u00e7os em suas refinarias do \u00f3leo diesel em -7,5% e da gasolina em -12%, a partir desta quinta-feira.<\/p>\n\n\n\n<p>A companhia comunica que tamb\u00e9m reduziu o pre\u00e7o do GLP em 5%, a partir desta quinta-feira.<\/p>\n\n\n\n<p>Com isso, no acumulado do ano, a redu\u00e7\u00e3o de pre\u00e7o de \u00f3leo diesel \u00e9 de 29,1%, de gasolina \u00e9 de 30,1% e de GLP \u00e9 de 7,9%.<\/p>\n","protected":false},"excerpt":{"rendered":"<p>A Petrobras informou que reajustou os pre\u00e7os em suas refinarias do \u00f3leo diesel em -7,5% e da gasolina em -12%, a partir desta quinta-feira. A&hellip; <\/p>\n","protected":false},"author":2,"featured_media":159034,"comment_status":"closed","ping_status":"closed","sticky":false,"template":"","format":"standard","meta":{"sfsi_plus_gutenberg_text_before_share":"","sfsi_plus_gutenberg_show_text_before_share":"","sfsi_plus_gutenberg_icon_type":"","sfsi_plus_gutenberg_icon_alignemt":"","sfsi_plus_gutenburg_max_per_row":"","footnotes":""},"categories":[2],"tags":[],"class_list":["post-159033","post","type-post","status-publish","format-standard","has-post-thumbnail","hentry","category-geral"],"_links":{"self":[{"href":"https:\/\/www.caririemacao.com\/1\/wp-json\/wp\/v2\/posts\/159033","targetHints":{"allow":["GET"]}}],"collection":[{"href":"https:\/\/www.caririemacao.com\/1\/wp-json\/wp\/v2\/posts"}],"about":[{"href":"https:\/\/www.caririemacao.com\/1\/wp-json\/wp\/v2\/types\/post"}],"author":[{"embeddable":true,"href":"https:\/\/www.caririemacao.com\/1\/wp-json\/wp\/v2\/users\/2"}],"replies":[{"embeddable":true,"href":"https:\/\/www.caririemacao.com\/1\/wp-json\/wp\/v2\/comments?post=159033"}],"version-history":[{"count":1,"href":"https:\/\/www.caririemacao.com\/1\/wp-json\/wp\/v2\/posts\/159033\/revisions"}],"predecessor-version":[{"id":159035,"href":"https:\/\/www.caririemacao.com\/1\/wp-json\/wp\/v2\/posts\/159033\/revisions\/159035"}],"wp:featuredmedia":[{"embeddable":true,"href":"https:\/\/www.caririemacao.com\/1\/wp-json\/wp\/v2\/media\/159034"}],"wp:attachment":[{"href":"https:\/\/www.caririemacao.com\/1\/wp-json\/wp\/v2\/media?parent=159033"}],"wp:term":[{"taxonomy":"category","embeddable":true,"href":"https:\/\/www.caririemacao.com\/1\/wp-json\/wp\/v2\/categories?post=159033"},{"taxonomy":"post_tag","embeddable":true,"href":"https:\/\/www.caririemacao.com\/1\/wp-json\/wp\/v2\/tags?post=159033"}],"curies":[{"name":"wp","href":"https:\/\/api.w.org\/{rel}","templated":true}]}}