{"id":159037,"date":"2020-03-20T07:52:29","date_gmt":"2020-03-20T10:52:29","guid":{"rendered":"http:\/\/www.caririemacao.com\/1\/?p=159037"},"modified":"2020-03-20T07:52:30","modified_gmt":"2020-03-20T10:52:30","slug":"a-prece-do-papa-sobre-a-pandemia-senhor-detenha-a-com-a-tua-mao","status":"publish","type":"post","link":"https:\/\/www.caririemacao.com\/1\/2020\/03\/20\/a-prece-do-papa-sobre-a-pandemia-senhor-detenha-a-com-a-tua-mao\/","title":{"rendered":"A prece do papa sobre a pandemia: \u201cSenhor, detenha-a com a tua m\u00e3o\u201d"},"content":{"rendered":"\n<p>edi ao Senhor para deter a epidemia: Senhor, detenha-a com a tua m\u00e3o. Rezei por isso\u201d.<\/p>\n\n\n\n<p>Assim respondeu o papa Francisco ao ser entrevistado pelo vaticanista Paolo Rodari, do jornal italiano&nbsp;Repubblica.<\/p>\n\n\n\n<p>O jornalista perguntara ao Papa a quem era dedicada a ora\u00e7\u00e3o no \u00faltimo domingo \u00e0 tarde, durante sua visita \u00e0s igrejas romanas de Santa Maria Maior e S\u00e3o Marcelo al Corso.<\/p>\n\n\n\n<figure class=\"wp-block-image\"><img decoding=\"async\" data-src=\"https:\/\/paraibaonline.com.br\/wp-content\/uploads\/2020\/03\/papa1903.jpg\" alt=\"Foto: Ascom\" class=\"wp-image-844562 lazyload\" src=\"data:image\/svg+xml;base64,PHN2ZyB3aWR0aD0iMSIgaGVpZ2h0PSIxIiB4bWxucz0iaHR0cDovL3d3dy53My5vcmcvMjAwMC9zdmciPjwvc3ZnPg==\" \/><\/figure>\n\n\n\n<p>Foto: Ascom<\/p>\n\n\n\n<p>Ao propor como viver estes dias dif\u00edceis, o Papa disse: \u201cDevemos reencontrar a concretude das pequenas coisas, das pequenas aten\u00e7\u00f5es para com os que est\u00e3o perto de n\u00f3s, familiares, amigos. Entender que o nosso tesouro encontra-se nas pequenas coisas. H\u00e1 gestos m\u00ednimos, que \u00e0s vezes se perdem no anonimato da cotidianidade, gestos de ternura, de afeto, de compaix\u00e3o, que todavia s\u00e3o decisivos, importantes. Por exemplo, um prato de comida, uma car\u00edcia, um abra\u00e7o, um telefonema\u2026 s\u00e3o gestos familiares de aten\u00e7\u00e3o aos detalhes do dia a dia que fazem com que a vida tenha um sentido e que exista comunh\u00e3o e comunica\u00e7\u00e3o entre n\u00f3s\u201d.<\/p>\n\n\n\n<p>\u201c\u00c0s vezes \u2013 acrescentou Francisco \u2013 entre n\u00f3s existe apenas uma comunica\u00e7\u00e3o virtual. Ao inv\u00e9s, nesta situa\u00e7\u00e3o, devemos descobrir uma nova proximidade. Uma rela\u00e7\u00e3o concreta feita de aten\u00e7\u00e3o e paci\u00eancia. Muitas vezes, as fam\u00edlias fazem as refei\u00e7\u00f5es juntas em casa em um grande sil\u00eancio, porque os pais olham televis\u00e3o e os filhos ficam no celular. Parecem um grupo de monges isolados um do outro. Aqui n\u00e3o h\u00e1 comunica\u00e7\u00e3o; ao passo que escutar o que outro fala \u00e9 importante para que se compreendam as necessidades, dificuldades, desejos. H\u00e1 uma linguagem feita de gestos concretos que deve ser salvaguardada. Na minha opini\u00e3o, a dor destes dias deve-se \u00e0 falta desta concretude, destes gestos nas fam\u00edlias\u201d, discorreu Francisco.<\/p>\n\n\n\n<p>O Papa deu uma particular aten\u00e7\u00e3o aos trabalhadores da \u00e1rea da sa\u00fade, aos volunt\u00e1rios e aos familiares das v\u00edtimas: \u201cAgrade\u00e7o aos que se dedicam aos outros deste modo. S\u00e3o um exemplo desta concretude. E pe\u00e7o que todos estejam pr\u00f3ximos dos que perderam seus familiares, tentando dar-lhes for\u00e7a em todos os modos poss\u00edveis. Neste momento, a consola\u00e7\u00e3o deve ser o empenho de todos\u201d.<\/p>\n\n\n\n<p>Por fim, Francisco convida todos \u00e0 esperan\u00e7a, tamb\u00e9m aos que n\u00e3o creem: \u201cTodos s\u00e3o filhos de Deus e s\u00e3o cuidados por Ele. Mesmo os que ainda n\u00e3o encontraram Deus, quem n\u00e3o tem o dom da f\u00e9, pode encontrar o caminho na esperan\u00e7a, nas coisas boas em que acredita: pode encontrar a for\u00e7a no amor pelos pr\u00f3prios filhos, pela fam\u00edlia, pelos irm\u00e3os. Algu\u00e9m pode dizer: \u00b4N\u00e3o posso rezar porque n\u00e3o creio\u00b4. Mas ao mesmo tempo, pode-se crer no amor das pessoas que tem ao seu redor e ali encontrar esperan\u00e7a\u201d.<\/p>\n","protected":false},"excerpt":{"rendered":"<p>edi ao Senhor para deter a epidemia: Senhor, detenha-a com a tua m\u00e3o. Rezei por isso\u201d. Assim respondeu o papa Francisco ao ser entrevistado pelo&hellip; <\/p>\n","protected":false},"author":2,"featured_media":159038,"comment_status":"closed","ping_status":"closed","sticky":false,"template":"","format":"standard","meta":{"sfsi_plus_gutenberg_text_before_share":"","sfsi_plus_gutenberg_show_text_before_share":"","sfsi_plus_gutenberg_icon_type":"","sfsi_plus_gutenberg_icon_alignemt":"","sfsi_plus_gutenburg_max_per_row":"","footnotes":""},"categories":[2],"tags":[],"class_list":["post-159037","post","type-post","status-publish","format-standard","has-post-thumbnail","hentry","category-geral"],"_links":{"self":[{"href":"https:\/\/www.caririemacao.com\/1\/wp-json\/wp\/v2\/posts\/159037","targetHints":{"allow":["GET"]}}],"collection":[{"href":"https:\/\/www.caririemacao.com\/1\/wp-json\/wp\/v2\/posts"}],"about":[{"href":"https:\/\/www.caririemacao.com\/1\/wp-json\/wp\/v2\/types\/post"}],"author":[{"embeddable":true,"href":"https:\/\/www.caririemacao.com\/1\/wp-json\/wp\/v2\/users\/2"}],"replies":[{"embeddable":true,"href":"https:\/\/www.caririemacao.com\/1\/wp-json\/wp\/v2\/comments?post=159037"}],"version-history":[{"count":1,"href":"https:\/\/www.caririemacao.com\/1\/wp-json\/wp\/v2\/posts\/159037\/revisions"}],"predecessor-version":[{"id":159039,"href":"https:\/\/www.caririemacao.com\/1\/wp-json\/wp\/v2\/posts\/159037\/revisions\/159039"}],"wp:featuredmedia":[{"embeddable":true,"href":"https:\/\/www.caririemacao.com\/1\/wp-json\/wp\/v2\/media\/159038"}],"wp:attachment":[{"href":"https:\/\/www.caririemacao.com\/1\/wp-json\/wp\/v2\/media?parent=159037"}],"wp:term":[{"taxonomy":"category","embeddable":true,"href":"https:\/\/www.caririemacao.com\/1\/wp-json\/wp\/v2\/categories?post=159037"},{"taxonomy":"post_tag","embeddable":true,"href":"https:\/\/www.caririemacao.com\/1\/wp-json\/wp\/v2\/tags?post=159037"}],"curies":[{"name":"wp","href":"https:\/\/api.w.org\/{rel}","templated":true}]}}