{"id":159042,"date":"2020-03-20T07:53:54","date_gmt":"2020-03-20T10:53:54","guid":{"rendered":"http:\/\/www.caririemacao.com\/1\/?p=159042"},"modified":"2020-03-20T07:53:56","modified_gmt":"2020-03-20T10:53:56","slug":"arquidiocese-da-paraiba-suspende-missas-e-adota-outras-providencias","status":"publish","type":"post","link":"https:\/\/www.caririemacao.com\/1\/2020\/03\/20\/arquidiocese-da-paraiba-suspende-missas-e-adota-outras-providencias\/","title":{"rendered":"Arquidiocese da Para\u00edba suspende missas e adota outras provid\u00eancias"},"content":{"rendered":"\n<p>A Arquidiocese da Para\u00edba informou, nesta quinta-feira, que \u201cdiante do avan\u00e7o e da gravidade da pandemia do novo Covid-19, em sintonia com as orienta\u00e7\u00f5es dadas pelas autoridades sanit\u00e1rias e de sa\u00fade, em comunh\u00e3o com as dioceses e arquidioceses do Regional Nordeste 2 e do Brasil, com zeloso cuidado pastoral e no intuito de preservar a sa\u00fade de todo povo de Deus\u201d, foram tomadas as seguintes medidas:<\/p>\n\n\n\n<p>1. Est\u00e3o suspensas, a partir desta data, 19 de mar\u00e7o de 2020, as Celebra\u00e7\u00f5es Eucar\u00edsticas com a participa\u00e7\u00e3o do povo em todo territ\u00f3rio desta Arquidiocese;<br>2. As Missas Dominicais sejam celebradas a portas fechadas nas matrizes de cada Par\u00f3quia com, na medida do poss\u00edvel, transmiss\u00e3o online para os fieis atrav\u00e9s das plataformas digitais oficiais da Par\u00f3quia;<br>3. Que os padres celebrem diariamente e de forma privada a Santa Eucaristia e Adora\u00e7\u00e3o ao Sant\u00edssimo Sacramento na inten\u00e7\u00e3o dos profissionais de sa\u00fade, das v\u00edtimas da pandemia e pelas inten\u00e7\u00f5es do povo de Deus (pro populo);<br>4. Os fieis poder\u00e3o, ainda, acompanhar as celebra\u00e7\u00f5es transmitidas regularmente nas emissoras de TV e r\u00e1dio, nos hor\u00e1rios convencionais disponibilizados;<br>5. As celebra\u00e7\u00f5es da Semana Santa dever\u00e3o acontecer obedecendo as orienta\u00e7\u00f5es do item 2 desta nota. A Missa dos Santos \u00d3leos ser\u00e1 presidida pelo Arcebispo, na Catedral Bas\u00edlica, concelebrada apenas pelos membros do Conselho Presbiteral, em comunh\u00e3o com todo clero e povo de Deus que ir\u00e1 acompanhar atrav\u00e9s dos meios de comunica\u00e7\u00e3o;<br>6. Os Sacramentos do Batismo e do Matrim\u00f4nio dever\u00e3o ser adiados para um tempo oportuno. Caso n\u00e3o seja poss\u00edvel, os mesmos devem ser celebrados em privado, com reduzido n\u00famero de pessoas;<br>7. As confiss\u00f5es, a un\u00e7\u00e3o dos enfermos e a celebra\u00e7\u00e3o das ex\u00e9quias sejam realizadas somente em casos de extrema necessidade, tomando os devidos cuidados;<br>8. O hor\u00e1rio de funcionamento das secretarias paroquiais ser\u00e3o definidos pelos P\u00e1rocos ou Administradores Paroquiais de acordo com as necessidades;<br>9. Diante dos inadi\u00e1veis compromissos econ\u00f4micos das Par\u00f3quias (despesas fixas, sal\u00e1rios dos funcion\u00e1rios, etc), solicitamos que os fieis mantenham a fidelidade ao d\u00edzimo, devendo cada Par\u00f3quia encontrar os meios para que isso aconte\u00e7a.<\/p>\n\n\n\n<p>Ao final do comunicado, o arcebispo Dom Frei Manoel Delson Pedreira da Cruz (foto) assinala que \u201cinvocamos a maternal intercess\u00e3o de Nossa Senhora das Neves, padroeira da Para\u00edba, e do glorioso S\u00e3o Jos\u00e9, patrono universal da Igreja, para que continuem intercedendo por n\u00f3s neste momento de tamanha afli\u00e7\u00e3o\u201d.<\/p>\n\n\n\n<p>\u201cConvocamos a todos para que intensifiquemos as nossas ora\u00e7\u00f5es, na certeza de que Jesus Cristo, o Bom Pastor, nos conduzir\u00e1 na supera\u00e7\u00e3o deste tempo de prova\u00e7\u00e3o\u201d, concluiu o arcebispo.<\/p>\n","protected":false},"excerpt":{"rendered":"<p>A Arquidiocese da Para\u00edba informou, nesta quinta-feira, que \u201cdiante do avan\u00e7o e da gravidade da pandemia do novo Covid-19, em sintonia com as orienta\u00e7\u00f5es dadas&hellip; <\/p>\n","protected":false},"author":2,"featured_media":159043,"comment_status":"closed","ping_status":"closed","sticky":false,"template":"","format":"standard","meta":{"sfsi_plus_gutenberg_text_before_share":"","sfsi_plus_gutenberg_show_text_before_share":"","sfsi_plus_gutenberg_icon_type":"","sfsi_plus_gutenberg_icon_alignemt":"","sfsi_plus_gutenburg_max_per_row":"","footnotes":""},"categories":[2],"tags":[],"class_list":["post-159042","post","type-post","status-publish","format-standard","has-post-thumbnail","hentry","category-geral"],"_links":{"self":[{"href":"https:\/\/www.caririemacao.com\/1\/wp-json\/wp\/v2\/posts\/159042","targetHints":{"allow":["GET"]}}],"collection":[{"href":"https:\/\/www.caririemacao.com\/1\/wp-json\/wp\/v2\/posts"}],"about":[{"href":"https:\/\/www.caririemacao.com\/1\/wp-json\/wp\/v2\/types\/post"}],"author":[{"embeddable":true,"href":"https:\/\/www.caririemacao.com\/1\/wp-json\/wp\/v2\/users\/2"}],"replies":[{"embeddable":true,"href":"https:\/\/www.caririemacao.com\/1\/wp-json\/wp\/v2\/comments?post=159042"}],"version-history":[{"count":1,"href":"https:\/\/www.caririemacao.com\/1\/wp-json\/wp\/v2\/posts\/159042\/revisions"}],"predecessor-version":[{"id":159044,"href":"https:\/\/www.caririemacao.com\/1\/wp-json\/wp\/v2\/posts\/159042\/revisions\/159044"}],"wp:featuredmedia":[{"embeddable":true,"href":"https:\/\/www.caririemacao.com\/1\/wp-json\/wp\/v2\/media\/159043"}],"wp:attachment":[{"href":"https:\/\/www.caririemacao.com\/1\/wp-json\/wp\/v2\/media?parent=159042"}],"wp:term":[{"taxonomy":"category","embeddable":true,"href":"https:\/\/www.caririemacao.com\/1\/wp-json\/wp\/v2\/categories?post=159042"},{"taxonomy":"post_tag","embeddable":true,"href":"https:\/\/www.caririemacao.com\/1\/wp-json\/wp\/v2\/tags?post=159042"}],"curies":[{"name":"wp","href":"https:\/\/api.w.org\/{rel}","templated":true}]}}