{"id":159057,"date":"2020-03-20T08:01:11","date_gmt":"2020-03-20T11:01:11","guid":{"rendered":"http:\/\/www.caririemacao.com\/1\/?p=159057"},"modified":"2020-03-20T08:01:14","modified_gmt":"2020-03-20T11:01:14","slug":"prazos-na-justica-sao-suspensos-em-todo-o-brasil","status":"publish","type":"post","link":"https:\/\/www.caririemacao.com\/1\/2020\/03\/20\/prazos-na-justica-sao-suspensos-em-todo-o-brasil\/","title":{"rendered":"Prazos na Justi\u00e7a s\u00e3o suspensos em todo o Brasil"},"content":{"rendered":"\n<p>O CNJ (Conselho Nacional de Justi\u00e7a) estabeleceu nesta quinta-feira (19) um esquema de regime de plant\u00e3o extraordin\u00e1rio em todo o Poder Judici\u00e1rio nacional at\u00e9 o dia 30 de abril, com prazo prorrog\u00e1vel.<\/p>\n\n\n\n<p>Com a determina\u00e7\u00e3o, assinada pelo ministro Dias Toffoli, ficam suspensos a partir da data de publica\u00e7\u00e3o da resolu\u00e7\u00e3o todos os prazos processuais do pa\u00eds.<\/p>\n\n\n\n<p>A suspens\u00e3o, no entanto, n\u00e3o se aplica a processos que envolvam a preserva\u00e7\u00e3o de direitos e de natureza urgente.<\/p>\n\n\n\n<p>\u201cO plant\u00e3o extraordin\u00e1rio, que funcionar\u00e1 em id\u00eantico hor\u00e1rio ao do expediente forense regular, estabelecido pelo respectivo tribunal, importa em suspens\u00e3o do trabalho presencial de magistrados, servidores, estagi\u00e1rios e colaboradores nas unidades judici\u00e1rias, assegurada a manuten\u00e7\u00e3o dos servi\u00e7os essenciais em cada tribunal\u201d, diz a resolu\u00e7\u00e3o.<\/p>\n\n\n\n<p>No plant\u00e3o, continuam sendo julgados habeas corpus, pedidos de busca e apreens\u00e3o, de pris\u00e3o preventiva e tempor\u00e1ria, de alvar\u00e1s, entre outros.<\/p>\n\n\n\n<p>A medida foi votada pelo CNJ ap\u00f3s proposta feita por um comit\u00ea formado por associa\u00e7\u00f5es ligadas \u00e0 Justi\u00e7a, como a Ajufe (Associa\u00e7\u00e3o dos Ju\u00edzes Federais do Brasil), a AMB (Associa\u00e7\u00e3o dos Magistrados Brasileiros) e a Anamatra (Associa\u00e7\u00e3o Nacional dos Magistrados da Justi\u00e7a do Trabalho).<br><\/p>\n","protected":false},"excerpt":{"rendered":"<p>O CNJ (Conselho Nacional de Justi\u00e7a) estabeleceu nesta quinta-feira (19) um esquema de regime de plant\u00e3o extraordin\u00e1rio em todo o Poder Judici\u00e1rio nacional at\u00e9 o&hellip; <\/p>\n","protected":false},"author":2,"featured_media":159058,"comment_status":"closed","ping_status":"closed","sticky":false,"template":"","format":"standard","meta":{"sfsi_plus_gutenberg_text_before_share":"","sfsi_plus_gutenberg_show_text_before_share":"","sfsi_plus_gutenberg_icon_type":"","sfsi_plus_gutenberg_icon_alignemt":"","sfsi_plus_gutenburg_max_per_row":"","footnotes":""},"categories":[2],"tags":[],"class_list":["post-159057","post","type-post","status-publish","format-standard","has-post-thumbnail","hentry","category-geral"],"_links":{"self":[{"href":"https:\/\/www.caririemacao.com\/1\/wp-json\/wp\/v2\/posts\/159057","targetHints":{"allow":["GET"]}}],"collection":[{"href":"https:\/\/www.caririemacao.com\/1\/wp-json\/wp\/v2\/posts"}],"about":[{"href":"https:\/\/www.caririemacao.com\/1\/wp-json\/wp\/v2\/types\/post"}],"author":[{"embeddable":true,"href":"https:\/\/www.caririemacao.com\/1\/wp-json\/wp\/v2\/users\/2"}],"replies":[{"embeddable":true,"href":"https:\/\/www.caririemacao.com\/1\/wp-json\/wp\/v2\/comments?post=159057"}],"version-history":[{"count":1,"href":"https:\/\/www.caririemacao.com\/1\/wp-json\/wp\/v2\/posts\/159057\/revisions"}],"predecessor-version":[{"id":159059,"href":"https:\/\/www.caririemacao.com\/1\/wp-json\/wp\/v2\/posts\/159057\/revisions\/159059"}],"wp:featuredmedia":[{"embeddable":true,"href":"https:\/\/www.caririemacao.com\/1\/wp-json\/wp\/v2\/media\/159058"}],"wp:attachment":[{"href":"https:\/\/www.caririemacao.com\/1\/wp-json\/wp\/v2\/media?parent=159057"}],"wp:term":[{"taxonomy":"category","embeddable":true,"href":"https:\/\/www.caririemacao.com\/1\/wp-json\/wp\/v2\/categories?post=159057"},{"taxonomy":"post_tag","embeddable":true,"href":"https:\/\/www.caririemacao.com\/1\/wp-json\/wp\/v2\/tags?post=159057"}],"curies":[{"name":"wp","href":"https:\/\/api.w.org\/{rel}","templated":true}]}}