{"id":159068,"date":"2020-03-20T08:06:40","date_gmt":"2020-03-20T11:06:40","guid":{"rendered":"http:\/\/www.caririemacao.com\/1\/?p=159068"},"modified":"2020-03-20T08:06:43","modified_gmt":"2020-03-20T11:06:43","slug":"apos-reuniao-com-prefeitos-governador-anuncia-barreiras-sanitarias-em-aeroportos-e-rodovias-como-medidas-contra-o-coronavirus","status":"publish","type":"post","link":"https:\/\/www.caririemacao.com\/1\/2020\/03\/20\/apos-reuniao-com-prefeitos-governador-anuncia-barreiras-sanitarias-em-aeroportos-e-rodovias-como-medidas-contra-o-coronavirus\/","title":{"rendered":"Ap\u00f3s reuni\u00e3o com prefeitos, governador anuncia barreiras sanit\u00e1rias em aeroportos e rodovias como medidas contra o coronav\u00edrus"},"content":{"rendered":"\n<p>O governador Jo\u00e3o Azev\u00eado se reuniu, nesta quinta-feira (19), com os prefeitos de Jo\u00e3o Pessoa e de Campina Grande, Luciano Cartaxo e Romero Rodrigues, respectivamente,&nbsp;<a href=\"https:\/\/www.clickpb.com.br\/paraiba\/joao-azevedo-se-reune-com-luciano-cartaxo-e-romero-rodrigues-280372.html\">ocasi\u00e3o em que foram definidas medidas conjuntas para conter a dissemina\u00e7\u00e3o do novo coronav\u00edrus na Para\u00edba<\/a>.&nbsp; Os encontros ocorreram no Pal\u00e1cio da Reden\u00e7\u00e3o, em Jo\u00e3o Pessoa, e contou com a presen\u00e7a de secret\u00e1rios estaduais e municipais.&nbsp;<\/p>\n\n\n\n<p>Confira as principais medidas:<\/p>\n\n\n\n<ul class=\"wp-block-list\"><li>Implanta\u00e7\u00e3o de barreiras sanit\u00e1rias em aeroportos da Para\u00edba e rodovias federais&nbsp;que interligam o Estado com os que t\u00eam casos confirmados da Covid-19;&nbsp;<\/li><li>Interrup\u00e7\u00e3o de embarca\u00e7\u00f5es tur\u00edsticas e de esporte no Litoral paraibano e de atividades nas academias, gin\u00e1sios e centros esportivos p\u00fablicos e privados;&nbsp;<\/li><li>e a suspens\u00e3o tempor\u00e1ria de cultos e eventos religiosos.&nbsp;<\/li><\/ul>\n\n\n\n<p>Tamb\u00e9m ficou definido que o poder p\u00fablico poder\u00e1 requisitar, em car\u00e1ter excepcional, o usufruto de bens e recursos, em especial de m\u00e9dicos, leitos, materiais, medicamentos, insumos, por tempo indeterminado, mediante justa remunera\u00e7\u00e3o arbitrada pelas autoridades competentes.&nbsp;<\/p>\n\n\n\n<p>A gest\u00e3o estadual ainda anunciou que ir\u00e1 suspender o desembarque e a circula\u00e7\u00e3o da tripula\u00e7\u00e3o de navios de carga no Porto de Cabedelo e das atividades das feiras de neg\u00f3cios do Mercado de Artesanato Paraibano e do Centro de Artesanato J\u00falio Rafael. A distribui\u00e7\u00e3o de leitos de interna\u00e7\u00e3o e de Unidades de Terapia Intensiva (UTIs) em Jo\u00e3o Pessoa e Campina Grande tamb\u00e9m foi apresentada nas reuni\u00f5es.&nbsp;<\/p>\n\n\n\n<p>Na ocasi\u00e3o, Jo\u00e3o Azev\u00eado falou da necessidade de ado\u00e7\u00e3o de medidas urgentes para conter a dissemina\u00e7\u00e3o da Covid-19. \u201cUm conjunto de medidas est\u00e1 sendo implementado, que ter\u00e1 impactos econ\u00f4micos muito fortes, mas \u00e9 preciso entender que estamos lidando com a vida das pessoas. O nosso interesse \u00e9 passar por essa fase, sairemos dela mais fortes e precisamos, neste momento, ter o canal de di\u00e1logo aberto, com reuni\u00f5es produtivas como as ocorridas hoje\u201d, disse.&nbsp;<\/p>\n\n\n\n<p>O governador tamb\u00e9m assegurou que a gest\u00e3o estadual ir\u00e1 compartilhar com os munic\u00edpios recursos provenientes do Governo Federal, destinados ao combate do coronav\u00edrus, para auxiliar na aloca\u00e7\u00e3o de pessoal e equipamentos de suporte \u00e0 vida.&nbsp;&nbsp;<\/p>\n\n\n\n<p>Ele ainda detalhou os pleitos apresentados pelo F\u00f3rum de Governadores do Brasil&nbsp; ao governo central para refor\u00e7ar as a\u00e7\u00f5es na sa\u00fade e na economia, como a libera\u00e7\u00e3o emergencial de recursos para as Secretarias Estaduais de Sa\u00fade, suspens\u00e3o dos pagamentos de amortiza\u00e7\u00e3o e juros de d\u00edvidas com a Uni\u00e3o e bancos p\u00fablicos, aprova\u00e7\u00e3o das medidas contidas no Plano Mansueto e rebaixamento da meta de super\u00e1vit prim\u00e1rio do governo federal.<\/p>\n\n\n\n<p>O prefeito Luciano Cartaxo destacou a import\u00e2ncia da iniciativa, visando \u00e0 antecipa\u00e7\u00e3o de medidas de enfrentamento ao coronav\u00edrus. \u201cO processo de conscientiza\u00e7\u00e3o \u00e9 muito grande e as pessoas est\u00e3o entendendo bem a import\u00e2ncia do isolamento. A prefeitura est\u00e1 \u00e0 disposi\u00e7\u00e3o para avaliar cada medida e tom\u00e1-las de forma antecipada e \u00e9 importante que as Secretarias de Sa\u00fade de Jo\u00e3o Pessoa e da Para\u00edba estejam unidas na luta contra a Covid-19, com a padroniza\u00e7\u00e3o do sistema de regula\u00e7\u00e3o e mecanismos de acompanhamento\u201d, pontuou.&nbsp;&nbsp;<\/p>\n\n\n\n<p>O prefeito de Campina Grande, Romero Rodrigues, fez uma avalia\u00e7\u00e3o positiva do encontro. \u201cN\u00f3s temos que nos dar as m\u00e3os &#8211; governos federal, estadual e municipais &#8211; para ado\u00e7\u00e3o de pol\u00edticas p\u00fablicas que atendam as pessoas que mais precisam e temos esse compromisso de tratar as coisas com seriedade\u201d, comentou.<\/p>\n\n\n\n<p>Tamb\u00e9m participaram da reuni\u00e3o, os procuradores da Rep\u00fablica (MPF), Jos\u00e9 Guilherme Ferraz e Jana\u00edna Andrade; o procurador-geral de Justi\u00e7a da Para\u00edba, Francisco Ser\u00e1phico; o coordenador do Centro de Apoio Operacional \u00e0s Promotorias de Justi\u00e7a de Defesa do Meio Ambiente, Sa\u00fade e Consumidor, Raniere Dantas; e Carlos Eduardo (procurador do Minist\u00e9rio P\u00fablico do Trabalho).<\/p>\n","protected":false},"excerpt":{"rendered":"<p>O governador Jo\u00e3o Azev\u00eado se reuniu, nesta quinta-feira (19), com os prefeitos de Jo\u00e3o Pessoa e de Campina Grande, Luciano Cartaxo e Romero Rodrigues, respectivamente,&nbsp;ocasi\u00e3o&hellip; <\/p>\n","protected":false},"author":2,"featured_media":159069,"comment_status":"closed","ping_status":"closed","sticky":false,"template":"","format":"standard","meta":{"sfsi_plus_gutenberg_text_before_share":"","sfsi_plus_gutenberg_show_text_before_share":"","sfsi_plus_gutenberg_icon_type":"","sfsi_plus_gutenberg_icon_alignemt":"","sfsi_plus_gutenburg_max_per_row":"","footnotes":""},"categories":[2],"tags":[],"class_list":["post-159068","post","type-post","status-publish","format-standard","has-post-thumbnail","hentry","category-geral"],"_links":{"self":[{"href":"https:\/\/www.caririemacao.com\/1\/wp-json\/wp\/v2\/posts\/159068","targetHints":{"allow":["GET"]}}],"collection":[{"href":"https:\/\/www.caririemacao.com\/1\/wp-json\/wp\/v2\/posts"}],"about":[{"href":"https:\/\/www.caririemacao.com\/1\/wp-json\/wp\/v2\/types\/post"}],"author":[{"embeddable":true,"href":"https:\/\/www.caririemacao.com\/1\/wp-json\/wp\/v2\/users\/2"}],"replies":[{"embeddable":true,"href":"https:\/\/www.caririemacao.com\/1\/wp-json\/wp\/v2\/comments?post=159068"}],"version-history":[{"count":1,"href":"https:\/\/www.caririemacao.com\/1\/wp-json\/wp\/v2\/posts\/159068\/revisions"}],"predecessor-version":[{"id":159070,"href":"https:\/\/www.caririemacao.com\/1\/wp-json\/wp\/v2\/posts\/159068\/revisions\/159070"}],"wp:featuredmedia":[{"embeddable":true,"href":"https:\/\/www.caririemacao.com\/1\/wp-json\/wp\/v2\/media\/159069"}],"wp:attachment":[{"href":"https:\/\/www.caririemacao.com\/1\/wp-json\/wp\/v2\/media?parent=159068"}],"wp:term":[{"taxonomy":"category","embeddable":true,"href":"https:\/\/www.caririemacao.com\/1\/wp-json\/wp\/v2\/categories?post=159068"},{"taxonomy":"post_tag","embeddable":true,"href":"https:\/\/www.caririemacao.com\/1\/wp-json\/wp\/v2\/tags?post=159068"}],"curies":[{"name":"wp","href":"https:\/\/api.w.org\/{rel}","templated":true}]}}