{"id":159082,"date":"2020-03-20T08:51:14","date_gmt":"2020-03-20T11:51:14","guid":{"rendered":"http:\/\/www.caririemacao.com\/1\/?p=159082"},"modified":"2020-03-20T08:51:16","modified_gmt":"2020-03-20T11:51:16","slug":"brasil-tem-639-casos-confirmados-de-coronavirus-em-21-estados","status":"publish","type":"post","link":"https:\/\/www.caririemacao.com\/1\/2020\/03\/20\/brasil-tem-639-casos-confirmados-de-coronavirus-em-21-estados\/","title":{"rendered":"Brasil tem 639 casos confirmados de coronav\u00edrus em 21 estados"},"content":{"rendered":"\n<p>As secretarias estaduais de Sa\u00fade divulgaram, at\u00e9 19h40 desta quinta-feira (18), 639 casos confirmados de novo coronav\u00edrus (Sars-Cov-2) no Brasil em 21 estados e no Distrito Federal. O \u00faltimo balan\u00e7o do Minist\u00e9rio da Sa\u00fade, divulgado na tarde desta quinta, contabiliza 621 infectados.&nbsp;<\/p>\n\n\n\n<p>O Piau\u00ed identificou os tr\u00eas primeiros casos da doen\u00e7a no estado.<br><\/p>\n\n\n\n<p>Duas mortes foram confirmada no Rio de Janeiro nesta quinta-feira pela secretaria de Sa\u00fade. Em S\u00e3o Paulo, foram registradas cinco mortes at\u00e9 o momento pelo governo estadual, o que eleva ao total de \u00f3bitos no Brasil para sete. O Minist\u00e9rio da Sa\u00fade registrou quatro mortes em SP e duas no RJ.<\/p>\n\n\n\n<p>Tamb\u00e9m nesta quinta, a secretaria de Sa\u00fade de Alagoas atualizou o n\u00famero de 1 para 4 casos. O Rio Grande do Sul registrou mais dois casos confirmados e agora registra 30 infectados. A secretaria de sa\u00fade do Paran\u00e1 informou que o estado registra 23 casos. Em S\u00e3o Paulo, o n\u00famero de casos confirmados do novo coronav\u00edrus aumentou de 240 para 286.<\/p>\n\n\n\n<p><strong>Transmiss\u00e3o comunit\u00e1ria<\/strong><br><\/p>\n\n\n\n<p>De acordo com o minist\u00e9rio, h\u00e1 transmiss\u00e3o comunit\u00e1ria em algumas \u00e1reas do pa\u00eds. A pasta cita dois estados, tr\u00eas capitais e uma regi\u00e3o de um estado no Sul. A transmiss\u00e3o comunit\u00e1ria ou sustentada \u00e9 aquela quando n\u00e3o \u00e9 poss\u00edvel rastrear qual a origem da infec\u00e7\u00e3o, indicando que o v\u00edrus circula entre pessoas que n\u00e3o viajaram ou tiveram contato com quem esteve no exterior.<\/p>\n\n\n\n<p>A transmiss\u00e3o comunit\u00e1ria est\u00e1 configurada nos estados de S\u00e3o Paulo e de Pernambuco. Al\u00e9m disso, ocorre isoladamente em tr\u00eas capitais: Rio de Janeiro, Belo Horizonte e Porto Alegre (al\u00e9m das capitais de SP e PE, j\u00e1 inclu\u00eddas acima).<\/p>\n\n\n\n<p>Por fim, a pasta tamb\u00e9m considera o mesmo status apenas para o sul de Santa Catarina, mais especificamente a regi\u00e3o da cidade de Tubar\u00e3o. A declara\u00e7\u00e3o n\u00e3o vale para todo o estado.<\/p>\n\n\n\n<p><strong>Situa\u00e7\u00e3o no mundo<\/strong><br><\/p>\n\n\n\n<p>De acordo com informa\u00e7\u00f5es da Organiza\u00e7\u00e3o Mundial da Sa\u00fade (atualizadas \u00e0s 16h40 de quarta-feira), houve 207.855 casos confirmados e mais de 9.000 mortes por Covid-19 em 166 pa\u00edses e territ\u00f3rios.<\/p>\n\n\n\n<p>O balan\u00e7o apontou que cerca de 34% das mortes est\u00e3o concentradas em Hubei, prov\u00edncia chinesa onde se iniciou o surto: l\u00e1, foram ao menos 3.130 v\u00edtimas fatais. A It\u00e1lia aparece como o segundo pa\u00eds com mais mortes por novo coronav\u00edrus, s\u00e3o 2.978, 32% de todas as mortes no mundo.<\/p>\n\n\n\n<p>A China anunciou nesta quinta-feira que, pela 1\u00aa vez desde o in\u00edcio do surto, n\u00e3o registrou qualquer novo caso de transmiss\u00e3o local do novo coronav\u00edrus, mas teve 34 novos casos de infectados que vieram do exterior.<\/p>\n\n\n\n<p>Tamb\u00e9m nesta quinta, os governos da Austr\u00e1lia e da Nova Zel\u00e2ndia anunciaram a suspens\u00e3o da entrada de pessoas n\u00e3o residentes no pa\u00eds, para refor\u00e7ar as medidas destinadas a conter a propaga\u00e7\u00e3o da pandemia de Covid-19.<\/p>\n\n\n\n<p>At\u00e9 o momento, os pa\u00edses n\u00e3o determinaram o fechamento das escolas nem adotaram medidas de confinamento. A Austr\u00e1lia registra 642 casos confirmados do novo coronav\u00edrus e a Nova Zel\u00e2ndia, 28.<\/p>\n\n\n\n<p><strong>Brasil contraria OMS e s\u00f3 faz testes nos casos graves<\/strong><br><\/p>\n\n\n\n<p>O secret\u00e1rio-executivo do Minist\u00e9rio da Sa\u00fade, Jo\u00e3o Gabbardo, afirmou que n\u00e3o mudar\u00e1 agora o crit\u00e9rio adotado na fase de mitiga\u00e7\u00e3o, e s\u00f3 as pessoas com casos graves ser\u00e3o testadas.<\/p>\n\n\n\n<p>A Organiza\u00e7\u00e3o Mundial da Sa\u00fade (OMS) recomendou, na \u00faltima sexta-feira (13), que os pa\u00edses apliquem testes em massa para descobrir quem est\u00e1 infectado e isolar esses pacientes para &#8220;achatar a curva&#8221; da dissemina\u00e7\u00e3o da doen\u00e7a Covid-19.<\/p>\n\n\n\n<p>O governo federal, que disse ter comprado kits da Fiocruz para 30 mil testes nos laborat\u00f3rios p\u00fablicos, disse que o objetivo da medida \u00e9 economizar testes para as pessoas com complica\u00e7\u00f5es.<\/p>\n","protected":false},"excerpt":{"rendered":"<p>As secretarias estaduais de Sa\u00fade divulgaram, at\u00e9 19h40 desta quinta-feira (18), 639 casos confirmados de novo coronav\u00edrus (Sars-Cov-2) no Brasil em 21 estados e no&hellip; <\/p>\n","protected":false},"author":2,"featured_media":159083,"comment_status":"closed","ping_status":"closed","sticky":false,"template":"","format":"standard","meta":{"sfsi_plus_gutenberg_text_before_share":"","sfsi_plus_gutenberg_show_text_before_share":"","sfsi_plus_gutenberg_icon_type":"","sfsi_plus_gutenberg_icon_alignemt":"","sfsi_plus_gutenburg_max_per_row":"","footnotes":""},"categories":[2],"tags":[],"class_list":["post-159082","post","type-post","status-publish","format-standard","has-post-thumbnail","hentry","category-geral"],"_links":{"self":[{"href":"https:\/\/www.caririemacao.com\/1\/wp-json\/wp\/v2\/posts\/159082","targetHints":{"allow":["GET"]}}],"collection":[{"href":"https:\/\/www.caririemacao.com\/1\/wp-json\/wp\/v2\/posts"}],"about":[{"href":"https:\/\/www.caririemacao.com\/1\/wp-json\/wp\/v2\/types\/post"}],"author":[{"embeddable":true,"href":"https:\/\/www.caririemacao.com\/1\/wp-json\/wp\/v2\/users\/2"}],"replies":[{"embeddable":true,"href":"https:\/\/www.caririemacao.com\/1\/wp-json\/wp\/v2\/comments?post=159082"}],"version-history":[{"count":1,"href":"https:\/\/www.caririemacao.com\/1\/wp-json\/wp\/v2\/posts\/159082\/revisions"}],"predecessor-version":[{"id":159084,"href":"https:\/\/www.caririemacao.com\/1\/wp-json\/wp\/v2\/posts\/159082\/revisions\/159084"}],"wp:featuredmedia":[{"embeddable":true,"href":"https:\/\/www.caririemacao.com\/1\/wp-json\/wp\/v2\/media\/159083"}],"wp:attachment":[{"href":"https:\/\/www.caririemacao.com\/1\/wp-json\/wp\/v2\/media?parent=159082"}],"wp:term":[{"taxonomy":"category","embeddable":true,"href":"https:\/\/www.caririemacao.com\/1\/wp-json\/wp\/v2\/categories?post=159082"},{"taxonomy":"post_tag","embeddable":true,"href":"https:\/\/www.caririemacao.com\/1\/wp-json\/wp\/v2\/tags?post=159082"}],"curies":[{"name":"wp","href":"https:\/\/api.w.org\/{rel}","templated":true}]}}