{"id":159086,"date":"2020-03-20T08:52:32","date_gmt":"2020-03-20T11:52:32","guid":{"rendered":"http:\/\/www.caririemacao.com\/1\/?p=159086"},"modified":"2020-03-20T08:52:34","modified_gmt":"2020-03-20T11:52:34","slug":"justica-cancela-julgamento-de-lula-em-caso-de-sitio-de-atibaia-por-conta-do-coronavirus","status":"publish","type":"post","link":"https:\/\/www.caririemacao.com\/1\/2020\/03\/20\/justica-cancela-julgamento-de-lula-em-caso-de-sitio-de-atibaia-por-conta-do-coronavirus\/","title":{"rendered":"Justi\u00e7a cancela julgamento de Lula em caso de s\u00edtio de Atibaia por conta do coronav\u00edrus"},"content":{"rendered":"\n<p>Previsto para a pr\u00f3xima quarta-feira (25), o julgamento de um recurso requerido pela defesa do ex-presidente Lula foi cancelado. O processo em quest\u00e3o \u00e9 referente ao caso do s\u00edtio de Atibaia, no interior paulista. A informa\u00e7\u00e3o foi divulgada pela coluna de Bela Megale do jornal O Globo.<\/p>\n\n\n\n<p>A 8\u00aa turma do Tribunal Regional Federal da 4\u00aa regi\u00e3o (TRF-4), que julgaria o caso, anunciou na \u00faltima ter\u00e7a-feira (18) que n\u00e3o ter\u00e1 sess\u00e3o na pr\u00f3xima semana.<\/p>\n\n\n\n<p>Os advogados de Lula j\u00e1 tinham pedido o cancelamento do julgamento dos embargos de declara\u00e7\u00e3o. Outro empecilho apontado pela defesa do ex-presidente \u00e9 justamente o deslocamento at\u00e9 o tribunal, localizado na capital ga\u00facha, dificultado pelo coronav\u00edrus.<\/p>\n\n\n\n<p>\u201cFomos informados que n\u00e3o haver\u00e1 sess\u00e3o no dia 25. Foi uma decis\u00e3o do TRF-4 seguindo essa orienta\u00e7\u00e3o geral de provid\u00eancias para evitar o alastramento do coronav\u00edrus\u201d, disse o advogado de Lula, Cristiano Zanin Martins ao jornal.<\/p>\n","protected":false},"excerpt":{"rendered":"<p>Previsto para a pr\u00f3xima quarta-feira (25), o julgamento de um recurso requerido pela defesa do ex-presidente Lula foi cancelado. O processo em quest\u00e3o \u00e9 referente&hellip; <\/p>\n","protected":false},"author":2,"featured_media":159087,"comment_status":"closed","ping_status":"closed","sticky":false,"template":"","format":"standard","meta":{"sfsi_plus_gutenberg_text_before_share":"","sfsi_plus_gutenberg_show_text_before_share":"","sfsi_plus_gutenberg_icon_type":"","sfsi_plus_gutenberg_icon_alignemt":"","sfsi_plus_gutenburg_max_per_row":"","footnotes":""},"categories":[2],"tags":[],"class_list":["post-159086","post","type-post","status-publish","format-standard","has-post-thumbnail","hentry","category-geral"],"_links":{"self":[{"href":"https:\/\/www.caririemacao.com\/1\/wp-json\/wp\/v2\/posts\/159086","targetHints":{"allow":["GET"]}}],"collection":[{"href":"https:\/\/www.caririemacao.com\/1\/wp-json\/wp\/v2\/posts"}],"about":[{"href":"https:\/\/www.caririemacao.com\/1\/wp-json\/wp\/v2\/types\/post"}],"author":[{"embeddable":true,"href":"https:\/\/www.caririemacao.com\/1\/wp-json\/wp\/v2\/users\/2"}],"replies":[{"embeddable":true,"href":"https:\/\/www.caririemacao.com\/1\/wp-json\/wp\/v2\/comments?post=159086"}],"version-history":[{"count":1,"href":"https:\/\/www.caririemacao.com\/1\/wp-json\/wp\/v2\/posts\/159086\/revisions"}],"predecessor-version":[{"id":159088,"href":"https:\/\/www.caririemacao.com\/1\/wp-json\/wp\/v2\/posts\/159086\/revisions\/159088"}],"wp:featuredmedia":[{"embeddable":true,"href":"https:\/\/www.caririemacao.com\/1\/wp-json\/wp\/v2\/media\/159087"}],"wp:attachment":[{"href":"https:\/\/www.caririemacao.com\/1\/wp-json\/wp\/v2\/media?parent=159086"}],"wp:term":[{"taxonomy":"category","embeddable":true,"href":"https:\/\/www.caririemacao.com\/1\/wp-json\/wp\/v2\/categories?post=159086"},{"taxonomy":"post_tag","embeddable":true,"href":"https:\/\/www.caririemacao.com\/1\/wp-json\/wp\/v2\/tags?post=159086"}],"curies":[{"name":"wp","href":"https:\/\/api.w.org\/{rel}","templated":true}]}}