{"id":159094,"date":"2020-03-20T08:55:17","date_gmt":"2020-03-20T11:55:17","guid":{"rendered":"http:\/\/www.caririemacao.com\/1\/?p=159094"},"modified":"2020-03-20T08:55:19","modified_gmt":"2020-03-20T11:55:19","slug":"ele-nao-representa-o-governo-disse-a-mourao-apos-fala-de-eduardo-bolsonaro-sobre-china","status":"publish","type":"post","link":"https:\/\/www.caririemacao.com\/1\/2020\/03\/20\/ele-nao-representa-o-governo-disse-a-mourao-apos-fala-de-eduardo-bolsonaro-sobre-china\/","title":{"rendered":"\u201cEle n\u00e3o representa o governo\u201d, disse \u00e0 Mour\u00e3o ap\u00f3s fala de Eduardo Bolsonaro sobre China"},"content":{"rendered":"\n<p>O vice-presidente Hamilton Mour\u00e3o afirmou nesta quinta-feira (19) que a declara\u00e7\u00e3o do deputado Eduardo Bolsonaro (PSL-SP) sobre a China n\u00e3o \u00e9 motivo de estresse. O filho do presidente Jair Bolsonaro postou nas redes sociais que a pandemia do novo coronav\u00edrus \u00e9 culpa do pa\u00eds asi\u00e1tico. A mensagem causou protesto do embaixador da China no Brasil, Yang Wanming, que exigiu retrata\u00e7\u00e3o.<\/p>\n\n\n\n<p>Mour\u00e3o tentou minimizar o impacto da declara\u00e7\u00e3o de Eduardo, afirmando que se trata da opini\u00e3o de um parlamentar. Segundo ele, o assunto n\u00e3o \u00e9 tema de conversa entre integrantes do governo Jair Bolsonaro.<\/p>\n\n\n\n<p>\u201cO Eduardo Bolsonaro \u00e9 um deputado. Se o sobrenome dele fosse Eduardo Bananinha, n\u00e3o era problema nenhum. S\u00f3 por causa do sobrenome. Ele n\u00e3o representa o governo\u201d, disse \u00e0 Mour\u00e3o em entrevista \u00e0 Folha. \u201cN\u00e3o \u00e9 a opini\u00e3o do governo. Ele tem algum cargo no governo?\u201d, questionou.<\/p>\n\n\n\n<p>&#8220;(A declara\u00e7\u00e3o) n\u00e3o \u00e9 motivo de estresse, pois a opini\u00e3o de um parlamentar n\u00e3o corresponde \u00e0 vis\u00e3o do governo. Nenhum membro do governo tocou nesse assunto&#8221;, disse o vice-presidente ao Estado.<\/p>\n\n\n\n<p>O vice-presidente teve papel decisivo na reaproxima\u00e7\u00e3o do Brasil com China, ap\u00f3s o pa\u00eds asi\u00e1tico ser alvo de declara\u00e7\u00f5es hostis de Bolsonaro ao longo de toda campanha eleitoral.<\/p>\n\n\n\n<p>Na noite de quarta-feira (18), o embaixador da China no Brasil, Yang Wanming, usou as redes sociais para reagir \u00e0 publica\u00e7\u00e3o de Eduardo. Segundo ele, o filho do presidente Bolsonaro feriu a rela\u00e7\u00e3o amistosa com o Brasil e &#8220;precisa assumir todas as suas consequ\u00eancias&#8221;.<\/p>\n\n\n\n<p>&#8220;A parte chinesa repudia veementemente as suas palavras, e exige que as retire imediatamente e pe\u00e7a uma desculpa ao povo chin\u00eas. Vou protestar e manifestar a nossa indigna\u00e7\u00e3o junto ao Itamaraty&#8221;, avisou o diplomata.<\/p>\n","protected":false},"excerpt":{"rendered":"<p>O vice-presidente Hamilton Mour\u00e3o afirmou nesta quinta-feira (19) que a declara\u00e7\u00e3o do deputado Eduardo Bolsonaro (PSL-SP) sobre a China n\u00e3o \u00e9 motivo de estresse. O&hellip; <\/p>\n","protected":false},"author":2,"featured_media":159095,"comment_status":"closed","ping_status":"closed","sticky":false,"template":"","format":"standard","meta":{"sfsi_plus_gutenberg_text_before_share":"","sfsi_plus_gutenberg_show_text_before_share":"","sfsi_plus_gutenberg_icon_type":"","sfsi_plus_gutenberg_icon_alignemt":"","sfsi_plus_gutenburg_max_per_row":"","footnotes":""},"categories":[2],"tags":[],"class_list":["post-159094","post","type-post","status-publish","format-standard","has-post-thumbnail","hentry","category-geral"],"_links":{"self":[{"href":"https:\/\/www.caririemacao.com\/1\/wp-json\/wp\/v2\/posts\/159094","targetHints":{"allow":["GET"]}}],"collection":[{"href":"https:\/\/www.caririemacao.com\/1\/wp-json\/wp\/v2\/posts"}],"about":[{"href":"https:\/\/www.caririemacao.com\/1\/wp-json\/wp\/v2\/types\/post"}],"author":[{"embeddable":true,"href":"https:\/\/www.caririemacao.com\/1\/wp-json\/wp\/v2\/users\/2"}],"replies":[{"embeddable":true,"href":"https:\/\/www.caririemacao.com\/1\/wp-json\/wp\/v2\/comments?post=159094"}],"version-history":[{"count":1,"href":"https:\/\/www.caririemacao.com\/1\/wp-json\/wp\/v2\/posts\/159094\/revisions"}],"predecessor-version":[{"id":159096,"href":"https:\/\/www.caririemacao.com\/1\/wp-json\/wp\/v2\/posts\/159094\/revisions\/159096"}],"wp:featuredmedia":[{"embeddable":true,"href":"https:\/\/www.caririemacao.com\/1\/wp-json\/wp\/v2\/media\/159095"}],"wp:attachment":[{"href":"https:\/\/www.caririemacao.com\/1\/wp-json\/wp\/v2\/media?parent=159094"}],"wp:term":[{"taxonomy":"category","embeddable":true,"href":"https:\/\/www.caririemacao.com\/1\/wp-json\/wp\/v2\/categories?post=159094"},{"taxonomy":"post_tag","embeddable":true,"href":"https:\/\/www.caririemacao.com\/1\/wp-json\/wp\/v2\/tags?post=159094"}],"curies":[{"name":"wp","href":"https:\/\/api.w.org\/{rel}","templated":true}]}}