{"id":159100,"date":"2020-03-20T09:00:23","date_gmt":"2020-03-20T12:00:23","guid":{"rendered":"http:\/\/www.caririemacao.com\/1\/?p=159100"},"modified":"2020-03-20T09:00:25","modified_gmt":"2020-03-20T12:00:25","slug":"eleicoes-podem-ser-adiadas-em-todo-pais-para-2022-por-conta-do-coronavirus","status":"publish","type":"post","link":"https:\/\/www.caririemacao.com\/1\/2020\/03\/20\/eleicoes-podem-ser-adiadas-em-todo-pais-para-2022-por-conta-do-coronavirus\/","title":{"rendered":"Elei\u00e7\u00f5es podem ser adiadas em todo pa\u00eds para 2022 por conta do coronav\u00edrus"},"content":{"rendered":"\n<div class=\"wp-block-image\"><figure class=\"aligncenter\"><a href=\"http:\/\/noticiasemdestaque.com\/cd\/wp-content\/uploads\/2020\/03\/100528960_1100582-rovros_abr_061217bancoimagemfotoaudiencia_ap_364096.jpg\"><img decoding=\"async\" data-src=\"http:\/\/noticiasemdestaque.com\/cd\/wp-content\/uploads\/2020\/03\/100528960_1100582-rovros_abr_061217bancoimagemfotoaudiencia_ap_364096.jpg\" alt=\"\" class=\"wp-image-23766 lazyload\" src=\"data:image\/svg+xml;base64,PHN2ZyB3aWR0aD0iMSIgaGVpZ2h0PSIxIiB4bWxucz0iaHR0cDovL3d3dy53My5vcmcvMjAwMC9zdmciPjwvc3ZnPg==\" \/><\/a><\/figure><\/div>\n\n\n\n<p>O coronav\u00edrus est\u00e1 afetando todos os setores, mudando h\u00e1bitos e alterando calend\u00e1rios. O agravamento da crise esta semana levou o Tribunal Superior Eleitoral (TSE), a adiar a realiza\u00e7\u00e3o das elei\u00e7\u00f5es suplementares para o Senado Federal que aconteceriam no estado do Mato Grosso em 26 de abril.<\/p>\n\n\n\n<p>O TSE tamb\u00e9m deve analisar outras altera\u00e7\u00f5es no calend\u00e1rio eleitoral deste ano. As elei\u00e7\u00f5es para vereadores e prefeitos est\u00e3o previstas para 4 de outubro, mas podem ser suspensas ou adiadas. Este seria o \u2018sentimento geral\u2019 em Bras\u00edlia. Comenta-se nos bastidores que os mandatos do atuais prefeitos e vereadores seriam prorrogados e que as elei\u00e7\u00f5es seriam unificadas para 2022.<\/p>\n\n\n\n<p>Segundo reportagem do Valor Econ\u00f4mico, a decis\u00e3o do TSE sobre a disputa no Mato Grosso, apesar de ser um caso isolado, \u201cfez com que dirigentes partid\u00e1rios come\u00e7assem a discutir a possibilidade de adiar, em todo o pa\u00eds, as elei\u00e7\u00f5es municipais de outubro se os casos de coronav\u00edrus n\u00e3o forem controlados at\u00e9 meados do ano\u201d.<\/p>\n\n\n\n<p>Ainda segundo o Valor o deputado federal Daniel Freitas (PSL-SC) protocolou of\u00edcio no TSE solicitando \u00e0 ministra a prorroga\u00e7\u00e3o do prazo final para filia\u00e7\u00f5es partid\u00e1rias, que se terminaria em 4 de abril por mais 30 dias: \u201cO momento exige cautela. Prorrogar o prazo de filia\u00e7\u00f5es seria decis\u00e3o democr\u00e1tica e respons\u00e1vel\u201d, disse o deputado \u00e0 reportagem.<\/p>\n\n\n\n<p>Daniel Freitas, que viajou para os Estados Unidos na comitiva do presidente Jair Bolsonaro testou positivo para o coronav\u00edrus.<\/p>\n\n\n\n<p>O parlamentar disse ainda ao Valor que avalia o impacto que o coronav\u00edrus pode ter no pleito: \u201cAcho que todo o calend\u00e1rio eleitoral pode ser prorrogado por pelo menos por 30 dias, pelo menos at\u00e9 que a gente tenha a realidade do quanto o v\u00edrus se alastrou, o quanto prejudicou as atividades do Brasil. Talvez tenhamos que prorrogar tudo\u201d.<\/p>\n\n\n\n<p>Em nota, o TSE afirmou que est\u00e1 atento e analisa o cen\u00e1rio atual com cuidado e aten\u00e7\u00e3o e complementa que \u201cat\u00e9 o momento, o calend\u00e1rio eleitoral n\u00e3o sofreu altera\u00e7\u00f5es. Qualquer mudan\u00e7a nesse cen\u00e1rio ser\u00e1 imediatamente informada\u201d, diz o texto.<\/p>\n\n\n\n<p>Valor Econ\u00f4mico<\/p>\n","protected":false},"excerpt":{"rendered":"<p>O coronav\u00edrus est\u00e1 afetando todos os setores, mudando h\u00e1bitos e alterando calend\u00e1rios. O agravamento da crise esta semana levou o Tribunal Superior Eleitoral (TSE), a&hellip; <\/p>\n","protected":false},"author":2,"featured_media":159101,"comment_status":"closed","ping_status":"closed","sticky":false,"template":"","format":"standard","meta":{"sfsi_plus_gutenberg_text_before_share":"","sfsi_plus_gutenberg_show_text_before_share":"","sfsi_plus_gutenberg_icon_type":"","sfsi_plus_gutenberg_icon_alignemt":"","sfsi_plus_gutenburg_max_per_row":"","footnotes":""},"categories":[2],"tags":[],"class_list":["post-159100","post","type-post","status-publish","format-standard","has-post-thumbnail","hentry","category-geral"],"_links":{"self":[{"href":"https:\/\/www.caririemacao.com\/1\/wp-json\/wp\/v2\/posts\/159100","targetHints":{"allow":["GET"]}}],"collection":[{"href":"https:\/\/www.caririemacao.com\/1\/wp-json\/wp\/v2\/posts"}],"about":[{"href":"https:\/\/www.caririemacao.com\/1\/wp-json\/wp\/v2\/types\/post"}],"author":[{"embeddable":true,"href":"https:\/\/www.caririemacao.com\/1\/wp-json\/wp\/v2\/users\/2"}],"replies":[{"embeddable":true,"href":"https:\/\/www.caririemacao.com\/1\/wp-json\/wp\/v2\/comments?post=159100"}],"version-history":[{"count":1,"href":"https:\/\/www.caririemacao.com\/1\/wp-json\/wp\/v2\/posts\/159100\/revisions"}],"predecessor-version":[{"id":159102,"href":"https:\/\/www.caririemacao.com\/1\/wp-json\/wp\/v2\/posts\/159100\/revisions\/159102"}],"wp:featuredmedia":[{"embeddable":true,"href":"https:\/\/www.caririemacao.com\/1\/wp-json\/wp\/v2\/media\/159101"}],"wp:attachment":[{"href":"https:\/\/www.caririemacao.com\/1\/wp-json\/wp\/v2\/media?parent=159100"}],"wp:term":[{"taxonomy":"category","embeddable":true,"href":"https:\/\/www.caririemacao.com\/1\/wp-json\/wp\/v2\/categories?post=159100"},{"taxonomy":"post_tag","embeddable":true,"href":"https:\/\/www.caririemacao.com\/1\/wp-json\/wp\/v2\/tags?post=159100"}],"curies":[{"name":"wp","href":"https:\/\/api.w.org\/{rel}","templated":true}]}}