{"id":159104,"date":"2020-03-20T09:02:13","date_gmt":"2020-03-20T12:02:13","guid":{"rendered":"http:\/\/www.caririemacao.com\/1\/?p=159104"},"modified":"2020-03-20T09:02:36","modified_gmt":"2020-03-20T12:02:36","slug":"apos-mais-um-dia-de-chuvas-cheias-nos-rios-taperoa-e-paraiba-aumenta-expectativa-de-mais-agua-em-boqueirao","status":"publish","type":"post","link":"https:\/\/www.caririemacao.com\/1\/2020\/03\/20\/apos-mais-um-dia-de-chuvas-cheias-nos-rios-taperoa-e-paraiba-aumenta-expectativa-de-mais-agua-em-boqueirao\/","title":{"rendered":"Ap\u00f3s mais um dia de chuvas, cheias nos rios Tapero\u00e1 e Para\u00edba aumenta expectativa de mais \u00e1gua em Boqueir\u00e3o"},"content":{"rendered":"\n<div class=\"wp-block-image\"><figure class=\"aligncenter\"><img decoding=\"async\" data-src=\"http:\/\/deolhonocariri.com.br\/wp-content\/uploads\/2020\/03\/rio-taperoa-19.jpg\" alt=\"\" class=\"wp-image-79405 lazyload\" src=\"data:image\/svg+xml;base64,PHN2ZyB3aWR0aD0iMSIgaGVpZ2h0PSIxIiB4bWxucz0iaHR0cDovL3d3dy53My5vcmcvMjAwMC9zdmciPjwvc3ZnPg==\" \/><\/figure><\/div>\n\n\n\n<p>Diz a cren\u00e7a popular relatada por agricultores, que quando chove na v\u00e9spera do dia de S\u00e3o Jos\u00e9, o ano ser\u00e1 de um inverno vindouro e de muitas chuvas. Fato que acabou acontecendo e nesta \u00faltima quarta-feira(18), v\u00e1rias cidades do Cariri paraibano registraram intensas chuvas, ocasionando cheias nos Rios Tapero\u00e1 e Para\u00edba.<\/p>\n\n\n\n<p>Al\u00e9m dos rios, algumas barragens e a\u00e7udes da regi\u00e3o do Cariri e Sert\u00e3o paraibano registraram cheias e atingiram o n\u00edvel m\u00e1ximo dos reservat\u00f3rios. Como foi o caso da conhecida barragem da Farinha, na cidade de Patos.<\/p>\n\n\n\n<p>Fortes chuvas com ventos e rel\u00e2mpagos foram registradas em v\u00e1rias cidades do Cariri paraibano. Na comunidade rural do Campo do Velho em Coxixola, foi registrada uma chuva de 175 mm. Na manh\u00e3 desta quinta-feira(19) o a\u00e7ude do Campo do Velho come\u00e7ou a sangrar ap\u00f3s 9 anos.<\/p>\n\n\n\n<p>Na manh\u00e3 desta quinta(19) em S\u00e3o Jo\u00e3o do Cariri, populares j\u00e1 registraram atrav\u00e9s de videos, mais uma grande cheia no Rio Tapero\u00e1, fruto das chuvas ca\u00eddas da regi\u00e3o do cariri.<\/p>\n\n\n\n<div class=\"wp-block-image\"><figure class=\"aligncenter\"><img decoding=\"async\" data-src=\"http:\/\/deolhonocariri.com.br\/wp-content\/uploads\/2020\/03\/90013447_2482255975423537_8161658006774218752_n.jpg\" alt=\"\" class=\"wp-image-79406 lazyload\" src=\"data:image\/svg+xml;base64,PHN2ZyB3aWR0aD0iMSIgaGVpZ2h0PSIxIiB4bWxucz0iaHR0cDovL3d3dy53My5vcmcvMjAwMC9zdmciPjwvc3ZnPg==\" \/><\/figure><\/div>\n\n\n\n<p>O Rio Para\u00edba tamb\u00e9m registrou a maior cheia do ano, na regi\u00e3o do Cariri, onde nasce o rio. As \u00e1guas seguem em um volume expressivo para o a\u00e7ude Epit\u00e1cio Pessoa, em Boqueir\u00e3o, que j\u00e1 apresenta um aumento de mais de um metro e quinze cent\u00edmetros na l\u00e2mina d\u2019\u00e1gua s\u00f3 com as chuvas ca\u00eddas nesta \u00faltima quarta-feira.<\/p>\n\n\n\n<p>A previs\u00e3o segundo a Aesa, \u00e9 de mais chuvas no cariri paraibano nos pr\u00f3ximos dias.<\/p>\n\n\n\n<p><strong>De Olho no Cariri<\/strong><\/p>\n","protected":false},"excerpt":{"rendered":"<p>Diz a cren\u00e7a popular relatada por agricultores, que quando chove na v\u00e9spera do dia de S\u00e3o Jos\u00e9, o ano ser\u00e1 de um inverno vindouro e&hellip; <\/p>\n","protected":false},"author":2,"featured_media":159105,"comment_status":"closed","ping_status":"closed","sticky":false,"template":"","format":"standard","meta":{"sfsi_plus_gutenberg_text_before_share":"","sfsi_plus_gutenberg_show_text_before_share":"","sfsi_plus_gutenberg_icon_type":"","sfsi_plus_gutenberg_icon_alignemt":"","sfsi_plus_gutenburg_max_per_row":"","footnotes":""},"categories":[50,2],"tags":[],"class_list":["post-159104","post","type-post","status-publish","format-standard","has-post-thumbnail","hentry","category-destaque","category-geral"],"_links":{"self":[{"href":"https:\/\/www.caririemacao.com\/1\/wp-json\/wp\/v2\/posts\/159104","targetHints":{"allow":["GET"]}}],"collection":[{"href":"https:\/\/www.caririemacao.com\/1\/wp-json\/wp\/v2\/posts"}],"about":[{"href":"https:\/\/www.caririemacao.com\/1\/wp-json\/wp\/v2\/types\/post"}],"author":[{"embeddable":true,"href":"https:\/\/www.caririemacao.com\/1\/wp-json\/wp\/v2\/users\/2"}],"replies":[{"embeddable":true,"href":"https:\/\/www.caririemacao.com\/1\/wp-json\/wp\/v2\/comments?post=159104"}],"version-history":[{"count":2,"href":"https:\/\/www.caririemacao.com\/1\/wp-json\/wp\/v2\/posts\/159104\/revisions"}],"predecessor-version":[{"id":159107,"href":"https:\/\/www.caririemacao.com\/1\/wp-json\/wp\/v2\/posts\/159104\/revisions\/159107"}],"wp:featuredmedia":[{"embeddable":true,"href":"https:\/\/www.caririemacao.com\/1\/wp-json\/wp\/v2\/media\/159105"}],"wp:attachment":[{"href":"https:\/\/www.caririemacao.com\/1\/wp-json\/wp\/v2\/media?parent=159104"}],"wp:term":[{"taxonomy":"category","embeddable":true,"href":"https:\/\/www.caririemacao.com\/1\/wp-json\/wp\/v2\/categories?post=159104"},{"taxonomy":"post_tag","embeddable":true,"href":"https:\/\/www.caririemacao.com\/1\/wp-json\/wp\/v2\/tags?post=159104"}],"curies":[{"name":"wp","href":"https:\/\/api.w.org\/{rel}","templated":true}]}}