{"id":159111,"date":"2020-03-20T09:44:35","date_gmt":"2020-03-20T12:44:35","guid":{"rendered":"http:\/\/www.caririemacao.com\/1\/?p=159111"},"modified":"2020-03-20T10:25:44","modified_gmt":"2020-03-20T13:25:44","slug":"por-conta-de-pandemia-governo-federal-vai-distribuir-r-200-para-trabalhadores-informais","status":"publish","type":"post","link":"https:\/\/www.caririemacao.com\/1\/2020\/03\/20\/por-conta-de-pandemia-governo-federal-vai-distribuir-r-200-para-trabalhadores-informais\/","title":{"rendered":"Por conta de pandemia, governo federal vai distribuir R$ 200 para trabalhadores informais"},"content":{"rendered":"\n<p>Como parte do plano de combate ao novo&nbsp;<strong>coronav\u00edrus<\/strong>, o governo anunciou que vai conceder vouchers para repassar dinheiro \u00e0 parcela da popula\u00e7\u00e3o que n\u00e3o tem trabalho formal e que n\u00e3o recebe recursos de programas como&nbsp;<strong>Bolsa Fam\u00edlia&nbsp;<\/strong>e Benef\u00edcio de Presta\u00e7\u00e3o Continuada (BPC, pago a idosos carentes).<\/p>\n\n\n\n<p>O ministro da Economia,&nbsp;<strong>Paulo Guedes,<\/strong>&nbsp;anunciou a medida em entrevista no Pal\u00e1cio do Planalto. Segundo ele, outra a\u00e7\u00e3o do governo ser\u00e1 pagar parte dos sal\u00e1rios dos trabalhadores de micro e pequenas empresas.<\/p>\n\n\n\n<p>De acordo com Guedes, a medida ser\u00e1 assinada nesta quarta pelo presidente&nbsp;Jair Bolsonaro&nbsp;e permitir\u00e1 a cada beneficiado receber R$ 200 mensais por um per\u00edodo de tr\u00eas meses.<\/p>\n\n\n\n<p>\u2014 Preocupa\u00e7\u00e3o do presidente \u00e9 o mercado informal. S\u00e3o 38 milh\u00f5es de brasileiros que est\u00e3o nas praias vendendo mate, vendendo cocada na rua, s\u00e3o os flanelinhas \u2014 afirmou.<\/p>\n\n\n\n<p>O impacto nos cofres federais ser\u00e1 de R$ 15 bilh\u00f5es. Para permitir a amplia\u00e7\u00e3o dos gastos do governo em a\u00e7\u00f5es deste tipo, Bolsonaro pediu ao Congresso que seja decretado estado de calamidade p\u00fablica. A proposta, que libera o governo de cumprir a meta fiscal deste ano, ainda precisa ser votada pelo Legislativo.<\/p>\n\n\n\n<p>O pagamento dos vouchers aos selecionados para o programa deve ficar sob responsabilidade da&nbsp;<strong>Caixa Econ\u00f4mica Federal<\/strong>&nbsp;e do&nbsp;<strong>INSS<\/strong>. A inten\u00e7\u00e3o \u00e9 que haja pagamento direto em contas, sem necessidade de visita a ag\u00eancias.<\/p>\n\n\n\n<p>O novo benef\u00edcio tem valores pr\u00f3ximos aos do Bolsa Fam\u00edlia. Atualmente, o benef\u00edcio b\u00e1sico do programa \u00e9 de R$ 89 por fam\u00edlia, com adicional vari\u00e1vel que pode chegar a R$ 205.<\/p>\n","protected":false},"excerpt":{"rendered":"<p>Como parte do plano de combate ao novo&nbsp;coronav\u00edrus, o governo anunciou que vai conceder vouchers para repassar dinheiro \u00e0 parcela da popula\u00e7\u00e3o que n\u00e3o tem&hellip; <\/p>\n","protected":false},"author":2,"featured_media":156837,"comment_status":"closed","ping_status":"closed","sticky":false,"template":"","format":"standard","meta":{"sfsi_plus_gutenberg_text_before_share":"","sfsi_plus_gutenberg_show_text_before_share":"","sfsi_plus_gutenberg_icon_type":"","sfsi_plus_gutenberg_icon_alignemt":"","sfsi_plus_gutenburg_max_per_row":"","footnotes":""},"categories":[50,11],"tags":[],"class_list":["post-159111","post","type-post","status-publish","format-standard","has-post-thumbnail","hentry","category-destaque","category-politica"],"_links":{"self":[{"href":"https:\/\/www.caririemacao.com\/1\/wp-json\/wp\/v2\/posts\/159111","targetHints":{"allow":["GET"]}}],"collection":[{"href":"https:\/\/www.caririemacao.com\/1\/wp-json\/wp\/v2\/posts"}],"about":[{"href":"https:\/\/www.caririemacao.com\/1\/wp-json\/wp\/v2\/types\/post"}],"author":[{"embeddable":true,"href":"https:\/\/www.caririemacao.com\/1\/wp-json\/wp\/v2\/users\/2"}],"replies":[{"embeddable":true,"href":"https:\/\/www.caririemacao.com\/1\/wp-json\/wp\/v2\/comments?post=159111"}],"version-history":[{"count":2,"href":"https:\/\/www.caririemacao.com\/1\/wp-json\/wp\/v2\/posts\/159111\/revisions"}],"predecessor-version":[{"id":159126,"href":"https:\/\/www.caririemacao.com\/1\/wp-json\/wp\/v2\/posts\/159111\/revisions\/159126"}],"wp:featuredmedia":[{"embeddable":true,"href":"https:\/\/www.caririemacao.com\/1\/wp-json\/wp\/v2\/media\/156837"}],"wp:attachment":[{"href":"https:\/\/www.caririemacao.com\/1\/wp-json\/wp\/v2\/media?parent=159111"}],"wp:term":[{"taxonomy":"category","embeddable":true,"href":"https:\/\/www.caririemacao.com\/1\/wp-json\/wp\/v2\/categories?post=159111"},{"taxonomy":"post_tag","embeddable":true,"href":"https:\/\/www.caririemacao.com\/1\/wp-json\/wp\/v2\/tags?post=159111"}],"curies":[{"name":"wp","href":"https:\/\/api.w.org\/{rel}","templated":true}]}}