{"id":159117,"date":"2020-03-20T09:50:16","date_gmt":"2020-03-20T12:50:16","guid":{"rendered":"http:\/\/www.caririemacao.com\/1\/?p=159117"},"modified":"2020-03-20T09:51:30","modified_gmt":"2020-03-20T12:51:30","slug":"ufpb-produz-alcool-em-gel-para-comunidade-universitaria-contar-o-coronavirus","status":"publish","type":"post","link":"https:\/\/www.caririemacao.com\/1\/2020\/03\/20\/ufpb-produz-alcool-em-gel-para-comunidade-universitaria-contar-o-coronavirus\/","title":{"rendered":"UFPB produz \u00e1lcool em gel para comunidade universit\u00e1ria contra o coronav\u00edrus"},"content":{"rendered":"\n<p>Um laborat\u00f3rio da Universidade Federal da Para\u00edba (UFPB), devido a falta de \u00e1lcool em gel no mercado, est\u00e1 produzindo o produto com 70% glicerinado, que tem o mesmo efeito de preven\u00e7\u00e3o ao novo coronav\u00edrus (Covid-19). O objetivo \u00e9 disponibilizar para a comunidade universit\u00e1ria.<\/p>\n\n\n\n<p>\u201cA UFPB j\u00e1 produz a maior parte dos materiais de limpeza consumidos pela pr\u00f3pria institui\u00e7\u00e3o, como \u00e1gua sanit\u00e1ria, desinfetante, sab\u00e3o l\u00edquido, inclusive \u00e1lcool em gel e glicerinado, otimizando o uso do recurso p\u00fablico\u201d, explica o pr\u00f3-reitor de administra\u00e7\u00e3o da UFPB, Alu\u00edsio Souto.<\/p>\n\n\n\n<p>De acordo com o gestor, o \u00e1lcool 70% glicerinado tem o mesmo efeito sanitizante que o \u00e1lcool em gel, podendo ser instalado em qualquer borrifador, tipo spray caseiro. Conforme Souto, o \u00e1lcool 70% glicerinado \u00e9 mais r\u00e1pido de produzir e demanda log\u00edstica mais simples.<\/p>\n\n\n\n<p>\u201cInicialmente, vamos fabricar para atender \u00e0 demanda institucional. Em um segundo momento, mediante parcerias ou patroc\u00ednios, poderemos atender \u00e0 demanda externa\u201d, explica Alu\u00edsio.<\/p>\n\n\n\n<p>O professor do Departamento de Engenharia Qu\u00edmica, Vital Queiroz, \u00e9 o coordenador do Laborat\u00f3rio de Sanitizantes, que produz os antiss\u00e9pticos. Ele trabalha com sete bolsistas, todos alunos do Centro de Tecnologia (CT). Segundo o docente, o principal insumo para a produ\u00e7\u00e3o do \u00e1lcool em gel ou glicerinado \u00e9 o \u00e1lcool neutro. O pr\u00f3-reitor de administra\u00e7\u00e3o Alu\u00edsio Souto informa que a UFPB vai adquiri-lo de usinas paraibanas, para que n\u00e3o haja interrup\u00e7\u00e3o na produ\u00e7\u00e3o.<\/p>\n\n\n\n<p>\u201cA fabrica\u00e7\u00e3o do \u00e1lcool glicerinado supera 200 litros ao dia e estamos planejando expandi-la, pois n\u00e3o sabemos por quanto tempo estaremos neste estado de calamidade p\u00fablica. De fato, a UFPB est\u00e1 preparada para todas as a\u00e7\u00f5es de preven\u00e7\u00e3o e combate ao Covid-19, para garantir todos os sanitizantes para todos que comp\u00f5em a comunidade universit\u00e1ria, entre discentes, terceirizados colaboradores, t\u00e9cnico-administrativos e docentes\u201d, assegura.<\/p>\n\n\n\n<p>com G1 Para\u00edba<\/p>\n","protected":false},"excerpt":{"rendered":"<p>Um laborat\u00f3rio da Universidade Federal da Para\u00edba (UFPB), devido a falta de \u00e1lcool em gel no mercado, est\u00e1 produzindo o produto com 70% glicerinado, que&hellip; <\/p>\n","protected":false},"author":1,"featured_media":156799,"comment_status":"closed","ping_status":"closed","sticky":false,"template":"","format":"standard","meta":{"sfsi_plus_gutenberg_text_before_share":"","sfsi_plus_gutenberg_show_text_before_share":"","sfsi_plus_gutenberg_icon_type":"","sfsi_plus_gutenberg_icon_alignemt":"","sfsi_plus_gutenburg_max_per_row":"","footnotes":""},"categories":[6,50],"tags":[],"class_list":["post-159117","post","type-post","status-publish","format-standard","has-post-thumbnail","hentry","category-cidades","category-destaque"],"_links":{"self":[{"href":"https:\/\/www.caririemacao.com\/1\/wp-json\/wp\/v2\/posts\/159117","targetHints":{"allow":["GET"]}}],"collection":[{"href":"https:\/\/www.caririemacao.com\/1\/wp-json\/wp\/v2\/posts"}],"about":[{"href":"https:\/\/www.caririemacao.com\/1\/wp-json\/wp\/v2\/types\/post"}],"author":[{"embeddable":true,"href":"https:\/\/www.caririemacao.com\/1\/wp-json\/wp\/v2\/users\/1"}],"replies":[{"embeddable":true,"href":"https:\/\/www.caririemacao.com\/1\/wp-json\/wp\/v2\/comments?post=159117"}],"version-history":[{"count":2,"href":"https:\/\/www.caririemacao.com\/1\/wp-json\/wp\/v2\/posts\/159117\/revisions"}],"predecessor-version":[{"id":159119,"href":"https:\/\/www.caririemacao.com\/1\/wp-json\/wp\/v2\/posts\/159117\/revisions\/159119"}],"wp:featuredmedia":[{"embeddable":true,"href":"https:\/\/www.caririemacao.com\/1\/wp-json\/wp\/v2\/media\/156799"}],"wp:attachment":[{"href":"https:\/\/www.caririemacao.com\/1\/wp-json\/wp\/v2\/media?parent=159117"}],"wp:term":[{"taxonomy":"category","embeddable":true,"href":"https:\/\/www.caririemacao.com\/1\/wp-json\/wp\/v2\/categories?post=159117"},{"taxonomy":"post_tag","embeddable":true,"href":"https:\/\/www.caririemacao.com\/1\/wp-json\/wp\/v2\/tags?post=159117"}],"curies":[{"name":"wp","href":"https:\/\/api.w.org\/{rel}","templated":true}]}}