{"id":159120,"date":"2020-03-20T10:00:52","date_gmt":"2020-03-20T13:00:52","guid":{"rendered":"http:\/\/www.caririemacao.com\/1\/?p=159120"},"modified":"2020-03-20T10:00:55","modified_gmt":"2020-03-20T13:00:55","slug":"uepb-lanca-proposta-de-compartilhamento-de-saberes-por-meio-das-redes-sociais","status":"publish","type":"post","link":"https:\/\/www.caririemacao.com\/1\/2020\/03\/20\/uepb-lanca-proposta-de-compartilhamento-de-saberes-por-meio-das-redes-sociais\/","title":{"rendered":"UEPB lan\u00e7a proposta de compartilhamento de saberes por meio das redes sociais"},"content":{"rendered":"\n<p>&nbsp;Universidade Estadual da Para\u00edba (UEPB), atrav\u00e9s da Coordenadoria de Comunica\u00e7\u00e3o (CODECOM), iniciar\u00e1 uma proposta de compartilhamento de saberes entre professores e alunos da Institui\u00e7\u00e3o atrav\u00e9s do uso das ferramentas dispon\u00edveis nas redes sociais. O objetivo \u00e9 promover uma integra\u00e7\u00e3o entre a comunidade acad\u00eamica, neste per\u00edodo de suspens\u00e3o das atividades na UEPB devido \u00e0s medidas preventivas em rela\u00e7\u00e3o \u00e0 infec\u00e7\u00e3o pelo novo coronav\u00edrus (Covid-19).<\/p>\n\n\n\n<p>O objetivo dessa proposta \u00e9 que os professores de todos os departamentos da Universidade gravem v\u00eddeos com dura\u00e7\u00e3o entre 10 e 15 minutos, podendo abordar conte\u00fados program\u00e1ticos das grades curriculares dos cursos nos quais lecionam na Institui\u00e7\u00e3o. Essa nova experi\u00eancia estimula a produ\u00e7\u00e3o de conte\u00fados que podem contribuir nesse momento de distanciamento das rela\u00e7\u00f5es de aprendizagem e possibilita a troca de conhecimentos, al\u00e9m de estimular a pr\u00e1tica de atividades, como dicas de leitura, produ\u00e7\u00e3o liter\u00e1ria, art\u00edstica, entre outras.<\/p>\n\n\n\n<p>De acordo com o reitor da UEPB, professor Rangel Junior, essa proposta de compartilhamento de saberes \u00e9 importante para que as pessoas possam se sentir estimuladas em continuar seus estudos visando sua qualifica\u00e7\u00e3o acad\u00eamica, ao mesmo tempo que se mant\u00eam conscientes da necessidade de permanecerem em casa para evitar a dissemina\u00e7\u00e3o do novo coronav\u00edrus. \u201cNossa proposta \u00e9 oferecer uma atividade din\u00e2mica para toda comunidade acad\u00eamica e tamb\u00e9m para todos aqueles que queiram participar da iniciativa neste instante que a principal recomenda\u00e7\u00e3o \u00e9 permanecer em casa\u201d, disse.<\/p>\n\n\n\n<p>A utiliza\u00e7\u00e3o das redes sociais ser\u00e1 um aliado importante para que as pessoas possam participar e interagir com o conte\u00fado proposto, segundo explicou o coordenador de Comunica\u00e7\u00e3o da UEPB, jornalista Hip\u00f3lito Lucena. \u201cQueremos trabalhar com a produ\u00e7\u00e3o de um conte\u00fado amplo, j\u00e1 que estamos falando de um n\u00famero muito grande de cursos que a UEPB tem, que funcionar\u00e1 como uma troca de saberes e tamb\u00e9m como combust\u00edvel para superarmos esse momento de aten\u00e7\u00e3o e tens\u00e3o que estamos vivendo\u201d, afirmou.<\/p>\n\n\n\n<p>A participa\u00e7\u00e3o dos professores da UEPB nesta proposta \u00e9 aberta a todos, bastando apenas que sigam algumas recomenda\u00e7\u00f5es t\u00e9cnicas. A grava\u00e7\u00e3o dos v\u00eddeos pode ser feita atrav\u00e9s dos pr\u00f3prios smartphones dos docentes, em posi\u00e7\u00e3o horizontal e utiliza\u00e7\u00e3o do microfone do fone de ouvido para que o \u00e1udio saia em boa qualidade. \u00c9 sugerido tamb\u00e9m que a grava\u00e7\u00e3o seja feita em ambiente com pouco ru\u00eddo externo. No endere\u00e7o&nbsp;<a href=\"http:\/\/ctic.uepb.edu.br\/tutoriais\/\" target=\"_blank\" rel=\"noreferrer noopener\">http:\/\/ctic.uepb.edu.br\/tutoriais\/<\/a>, os professores podem acessar tutoriais que auxiliar\u00e3o na produ\u00e7\u00e3o do material audiovisual com conte\u00fado para as \u201caulas\u201d.<\/p>\n\n\n\n<p>Depois de gravar o v\u00eddeo, basta o professor enviar o aquivo para o e-mail&nbsp;<strong>imprensauepb@gmail.com<\/strong>&nbsp;e ativar a op\u00e7\u00e3o de compartilhamento aberto do arquivo atrav\u00e9s do Drive. A expectativa \u00e9 que a partir da pr\u00f3xima segunda-feira (23) as primeiras \u201cvideoaulas\u201d j\u00e1 sejam disponibilizadas atrav\u00e9s das redes sociais oficiais da UEPB no Facebook (<a rel=\"noreferrer noopener\" href=\"https:\/\/www.facebook.com\/UEPBOficial\/\" target=\"_blank\">https:\/\/www.facebook.com\/UEPBOficial\/<\/a>), Canal Rede UEPB no Youtube (<a rel=\"noreferrer noopener\" href=\"https:\/\/www.youtube.com\/redeuepb\" target=\"_blank\">https:\/\/www.youtube.com\/redeuepb<\/a>), Instagram (<a rel=\"noreferrer noopener\" href=\"https:\/\/www.instagram.com\/uepboficial\/\" target=\"_blank\">https:\/\/www.instagram.com\/uepboficial\/<\/a>) e Twitter (<a rel=\"noreferrer noopener\" href=\"https:\/\/twitter.com\/uepbonline\" target=\"_blank\">https:\/\/twitter.com\/uepbonline<\/a>). Outras informa\u00e7\u00f5es podem ser obtidas pelo e-mail&nbsp;<strong><em>TVUEPB@servidor.uepb.edu.br<\/em><\/strong>&nbsp;ou pelos telefones (83) 3315-3438 ou 3315-3489.<\/p>\n\n\n\n<p><em><strong>Texto:<\/strong>&nbsp;Givaldo Cavalcanti<\/em><\/p>\n","protected":false},"excerpt":{"rendered":"<p>&nbsp;Universidade Estadual da Para\u00edba (UEPB), atrav\u00e9s da Coordenadoria de Comunica\u00e7\u00e3o (CODECOM), iniciar\u00e1 uma proposta de compartilhamento de saberes entre professores e alunos da Institui\u00e7\u00e3o atrav\u00e9s&hellip; <\/p>\n","protected":false},"author":1,"featured_media":157606,"comment_status":"closed","ping_status":"closed","sticky":false,"template":"","format":"standard","meta":{"sfsi_plus_gutenberg_text_before_share":"","sfsi_plus_gutenberg_show_text_before_share":"","sfsi_plus_gutenberg_icon_type":"","sfsi_plus_gutenberg_icon_alignemt":"","sfsi_plus_gutenburg_max_per_row":"","footnotes":""},"categories":[6,50],"tags":[],"class_list":["post-159120","post","type-post","status-publish","format-standard","has-post-thumbnail","hentry","category-cidades","category-destaque"],"_links":{"self":[{"href":"https:\/\/www.caririemacao.com\/1\/wp-json\/wp\/v2\/posts\/159120","targetHints":{"allow":["GET"]}}],"collection":[{"href":"https:\/\/www.caririemacao.com\/1\/wp-json\/wp\/v2\/posts"}],"about":[{"href":"https:\/\/www.caririemacao.com\/1\/wp-json\/wp\/v2\/types\/post"}],"author":[{"embeddable":true,"href":"https:\/\/www.caririemacao.com\/1\/wp-json\/wp\/v2\/users\/1"}],"replies":[{"embeddable":true,"href":"https:\/\/www.caririemacao.com\/1\/wp-json\/wp\/v2\/comments?post=159120"}],"version-history":[{"count":1,"href":"https:\/\/www.caririemacao.com\/1\/wp-json\/wp\/v2\/posts\/159120\/revisions"}],"predecessor-version":[{"id":159121,"href":"https:\/\/www.caririemacao.com\/1\/wp-json\/wp\/v2\/posts\/159120\/revisions\/159121"}],"wp:featuredmedia":[{"embeddable":true,"href":"https:\/\/www.caririemacao.com\/1\/wp-json\/wp\/v2\/media\/157606"}],"wp:attachment":[{"href":"https:\/\/www.caririemacao.com\/1\/wp-json\/wp\/v2\/media?parent=159120"}],"wp:term":[{"taxonomy":"category","embeddable":true,"href":"https:\/\/www.caririemacao.com\/1\/wp-json\/wp\/v2\/categories?post=159120"},{"taxonomy":"post_tag","embeddable":true,"href":"https:\/\/www.caririemacao.com\/1\/wp-json\/wp\/v2\/tags?post=159120"}],"curies":[{"name":"wp","href":"https:\/\/api.w.org\/{rel}","templated":true}]}}