{"id":159122,"date":"2020-03-20T10:07:02","date_gmt":"2020-03-20T13:07:02","guid":{"rendered":"http:\/\/www.caririemacao.com\/1\/?p=159122"},"modified":"2020-03-20T10:07:02","modified_gmt":"2020-03-20T13:07:02","slug":"uepb-repassa-informacoes-sobre-o-coronavirus-atraves-de-campanha-em-redes-sociais","status":"publish","type":"post","link":"https:\/\/www.caririemacao.com\/1\/2020\/03\/20\/uepb-repassa-informacoes-sobre-o-coronavirus-atraves-de-campanha-em-redes-sociais\/","title":{"rendered":"UEPB repassa informa\u00e7\u00f5es sobre o coronav\u00edrus atrav\u00e9s de campanha em redes sociais"},"content":{"rendered":"\n<p>Engajada na dissemina\u00e7\u00e3o de conte\u00fado que ajude a popula\u00e7\u00e3o se manter bem informada sobre o que envolve os problemas relacionados ao novo coronav\u00edrus no Brasil, a Universidade Estadual da Para\u00edba (UEPB), atrav\u00e9s de seus perfis oficiais no&nbsp;<strong><a href=\"https:\/\/twitter.com\/uepbonline\" target=\"_blank\" rel=\"noreferrer noopener\">Twitter<\/a><\/strong>,&nbsp;<strong><a href=\"https:\/\/www.facebook.com\/UEPBOficial\/\" target=\"_blank\" rel=\"noreferrer noopener\">Facebook<\/a><\/strong>&nbsp;e&nbsp;<strong><a href=\"https:\/\/www.instagram.com\/uepboficial\/\" target=\"_blank\" rel=\"noreferrer noopener\">Instagram<\/a><\/strong>, est\u00e1 promovendo campanha informativa com dados sobre o que \u00e9 o Covid-19, formas de preven\u00e7\u00e3o, sintomas, rede de atendimento na Para\u00edba e demais detalhes para levar conhecimento sobre o assunto \u00e0 popula\u00e7\u00e3o.<\/p>\n\n\n\n<p>O Covid-19 j\u00e1 tem casos confirmados no Brasil e, na Para\u00edba, h\u00e1 casos suspeitos. \u00c9 importante lembrar que as pessoas contraem o v\u00edrus pelo ar (por got\u00edculas de saliva, do espirro, da tosse, do catarro e da fala de pessoas infectadas), por contato f\u00edsico (beijo, aperto de m\u00e3o, abra\u00e7o), por contato com superf\u00edcies n\u00e3o higienizadas (celulares, ma\u00e7anetas, teclados de computador, corrim\u00e3o, apoios de transportes p\u00fablicos, etc) e por via animal (consumo de carnes de animais silvestres).<\/p>\n\n\n\n<p>Os principais sintomas da doen\u00e7a s\u00e3o febre alta, tosse seca ou com secre\u00e7\u00e3o, dificuldade respirat\u00f3ria aguda e insufici\u00eancia renal. Outros poss\u00edveis sintomas s\u00e3o: dores no corpo, congestionamento nasal, inflama\u00e7\u00e3o na garganta e diarreia.<\/p>\n\n\n\n<p>As formas de preven\u00e7\u00e3o envolvem: lavar as m\u00e3os at\u00e9 a metade do pulso, esfregando tamb\u00e9m as partes internas das unhas; usar \u00e1lcool 70 para limpar as m\u00e3os antes de encostar em \u00e1reas como olhos, nariz e boca; tossir ou espirrar colocando a parte interna do cotovelo \u00e0 frente do rosto; evitar multid\u00f5es; usar m\u00e1scara em ambientes muito cheios ou fechados; evitar tocar olhos, nariz e boca antes de limpar as m\u00e3os; manter dist\u00e2ncia de, pelo menos, um metro de pessoas tossindo ou espirrando; limpar com \u00e1lcool objetos usados com frequ\u00eancia e evitar cumprimentos com beijo no rosto, abra\u00e7o ou aperto de m\u00e3os.<\/p>\n\n\n\n<p>N\u00e3o existe tratamento espec\u00edfico contra o Covid-19. Os pacientes infectados recebem tratamento para aliviar os sintomas. O tratamento indicado pelo Minist\u00e9rio da Sa\u00fade \u00e9 repouso e consumo de bastante \u00e1gua. As medidas adotadas para aliviar os sintomas s\u00e3o: medicamentos para dor e febre; umidificador no quarto e banho quente para aliviar a dor de gargante a tosse.<\/p>\n\n\n\n<p>Devido \u00e0 chegada do novo coronav\u00edrus ao Brasil, o Minist\u00e9rio da Sa\u00fade antecipou, para o dia 23 de mar\u00e7o, o in\u00edcio da campanha de vacina\u00e7\u00e3o contra a gripe. Mesmo que a vacina n\u00e3o apresente efic\u00e1cia contra o Covid-19, \u00e9 uma forma de auxiliar os profissionais de sa\u00fade a descartarem as influenzas na triagem e acelerarem o diagn\u00f3stico para o coronav\u00edrus.<\/p>\n\n\n\n<p><em><strong>Texto:<\/strong>\u00a0Tatiana Brand\u00e3o<\/em><\/p>\n","protected":false},"excerpt":{"rendered":"<p>Engajada na dissemina\u00e7\u00e3o de conte\u00fado que ajude a popula\u00e7\u00e3o se manter bem informada sobre o que envolve os problemas relacionados ao novo coronav\u00edrus no Brasil,&hellip; <\/p>\n","protected":false},"author":1,"featured_media":159123,"comment_status":"closed","ping_status":"closed","sticky":false,"template":"","format":"standard","meta":{"sfsi_plus_gutenberg_text_before_share":"","sfsi_plus_gutenberg_show_text_before_share":"","sfsi_plus_gutenberg_icon_type":"","sfsi_plus_gutenberg_icon_alignemt":"","sfsi_plus_gutenburg_max_per_row":"","footnotes":""},"categories":[6,50],"tags":[],"class_list":["post-159122","post","type-post","status-publish","format-standard","has-post-thumbnail","hentry","category-cidades","category-destaque"],"_links":{"self":[{"href":"https:\/\/www.caririemacao.com\/1\/wp-json\/wp\/v2\/posts\/159122","targetHints":{"allow":["GET"]}}],"collection":[{"href":"https:\/\/www.caririemacao.com\/1\/wp-json\/wp\/v2\/posts"}],"about":[{"href":"https:\/\/www.caririemacao.com\/1\/wp-json\/wp\/v2\/types\/post"}],"author":[{"embeddable":true,"href":"https:\/\/www.caririemacao.com\/1\/wp-json\/wp\/v2\/users\/1"}],"replies":[{"embeddable":true,"href":"https:\/\/www.caririemacao.com\/1\/wp-json\/wp\/v2\/comments?post=159122"}],"version-history":[{"count":1,"href":"https:\/\/www.caririemacao.com\/1\/wp-json\/wp\/v2\/posts\/159122\/revisions"}],"predecessor-version":[{"id":159124,"href":"https:\/\/www.caririemacao.com\/1\/wp-json\/wp\/v2\/posts\/159122\/revisions\/159124"}],"wp:featuredmedia":[{"embeddable":true,"href":"https:\/\/www.caririemacao.com\/1\/wp-json\/wp\/v2\/media\/159123"}],"wp:attachment":[{"href":"https:\/\/www.caririemacao.com\/1\/wp-json\/wp\/v2\/media?parent=159122"}],"wp:term":[{"taxonomy":"category","embeddable":true,"href":"https:\/\/www.caririemacao.com\/1\/wp-json\/wp\/v2\/categories?post=159122"},{"taxonomy":"post_tag","embeddable":true,"href":"https:\/\/www.caririemacao.com\/1\/wp-json\/wp\/v2\/tags?post=159122"}],"curies":[{"name":"wp","href":"https:\/\/api.w.org\/{rel}","templated":true}]}}