{"id":159127,"date":"2020-03-20T10:34:49","date_gmt":"2020-03-20T13:34:49","guid":{"rendered":"http:\/\/www.caririemacao.com\/1\/?p=159127"},"modified":"2020-03-20T10:34:50","modified_gmt":"2020-03-20T13:34:50","slug":"comitiva-de-bolsonaro-aos-eua-ja-tem-22-infectados-pelo-coronavirus","status":"publish","type":"post","link":"https:\/\/www.caririemacao.com\/1\/2020\/03\/20\/comitiva-de-bolsonaro-aos-eua-ja-tem-22-infectados-pelo-coronavirus\/","title":{"rendered":"Comitiva de Bolsonaro aos EUA j\u00e1 tem 22 infectados pelo coronav\u00edrus"},"content":{"rendered":"\n<p>Chegou a 22 o n\u00famero de pessoas que participaram da viagem do presidente Jair Bolsonaro aos Estados Unidos na semana passada e agora est\u00e3o com o coronavirus. <\/p>\n\n\n\n<p>Foram confirmados, na quinta-feira (19), 03 resultados positivos do assessor internacional da Presid\u00eancia, Filipe Martins; do chefe da ajud\u00e2ncia de ordens, Major Cid; do diretor do Departamento de Seguran\u00e7a Presidencial, Coronel Suarez; e do chefe do CerimoniaI, Carlos Franoa. <\/p>\n\n\n\n<p>Cid, Suarez e Fran\u00e7a passam o tempo todo muito pr\u00f3ximos do presidente. Martins, por vez, viajou ao lado do secret\u00e1rio de Comunica\u00e7\u00e3o da Presid\u00eancia, Fabio Wajngarten, que foi o primeiro membro da comitiva a ter a confirma\u00e7\u00e3o da infe\u00e7\u00e3o pelo novo coronavirus. Ambos voltaram ao Brasil na madrugada da quarta-feira (11) no mesmo avi\u00e3o do presidente.<\/p>\n","protected":false},"excerpt":{"rendered":"<p>Chegou a 22 o n\u00famero de pessoas que participaram da viagem do presidente Jair Bolsonaro aos Estados Unidos na semana passada e agora est\u00e3o com&hellip; <\/p>\n","protected":false},"author":1,"featured_media":158864,"comment_status":"closed","ping_status":"closed","sticky":false,"template":"","format":"standard","meta":{"sfsi_plus_gutenberg_text_before_share":"","sfsi_plus_gutenberg_show_text_before_share":"","sfsi_plus_gutenberg_icon_type":"","sfsi_plus_gutenberg_icon_alignemt":"","sfsi_plus_gutenburg_max_per_row":"","footnotes":""},"categories":[11,16],"tags":[],"class_list":["post-159127","post","type-post","status-publish","format-standard","has-post-thumbnail","hentry","category-politica","category-saude"],"_links":{"self":[{"href":"https:\/\/www.caririemacao.com\/1\/wp-json\/wp\/v2\/posts\/159127","targetHints":{"allow":["GET"]}}],"collection":[{"href":"https:\/\/www.caririemacao.com\/1\/wp-json\/wp\/v2\/posts"}],"about":[{"href":"https:\/\/www.caririemacao.com\/1\/wp-json\/wp\/v2\/types\/post"}],"author":[{"embeddable":true,"href":"https:\/\/www.caririemacao.com\/1\/wp-json\/wp\/v2\/users\/1"}],"replies":[{"embeddable":true,"href":"https:\/\/www.caririemacao.com\/1\/wp-json\/wp\/v2\/comments?post=159127"}],"version-history":[{"count":1,"href":"https:\/\/www.caririemacao.com\/1\/wp-json\/wp\/v2\/posts\/159127\/revisions"}],"predecessor-version":[{"id":159128,"href":"https:\/\/www.caririemacao.com\/1\/wp-json\/wp\/v2\/posts\/159127\/revisions\/159128"}],"wp:featuredmedia":[{"embeddable":true,"href":"https:\/\/www.caririemacao.com\/1\/wp-json\/wp\/v2\/media\/158864"}],"wp:attachment":[{"href":"https:\/\/www.caririemacao.com\/1\/wp-json\/wp\/v2\/media?parent=159127"}],"wp:term":[{"taxonomy":"category","embeddable":true,"href":"https:\/\/www.caririemacao.com\/1\/wp-json\/wp\/v2\/categories?post=159127"},{"taxonomy":"post_tag","embeddable":true,"href":"https:\/\/www.caririemacao.com\/1\/wp-json\/wp\/v2\/tags?post=159127"}],"curies":[{"name":"wp","href":"https:\/\/api.w.org\/{rel}","templated":true}]}}