{"id":159129,"date":"2020-03-20T10:49:06","date_gmt":"2020-03-20T13:49:06","guid":{"rendered":"http:\/\/www.caririemacao.com\/1\/?p=159129"},"modified":"2020-03-20T11:01:27","modified_gmt":"2020-03-20T14:01:27","slug":"italia-padre-paraibano-fala-sobre-confinamento","status":"publish","type":"post","link":"https:\/\/www.caririemacao.com\/1\/2020\/03\/20\/italia-padre-paraibano-fala-sobre-confinamento\/","title":{"rendered":"Padre paraibano  fala sobre confinamento na It\u00e1lia"},"content":{"rendered":"\n<p>O padre Marcondes Neves, paraibano, natural de S\u00e3o Domingos do Cariri, est\u00e1 em miss\u00e3o da Igreja Cat\u00f3lica, na It\u00e1lia, pa\u00eds muito afetado com a pandemia do coronav\u00edrus. Marcondes gravou um v\u00eddeo e explicou como est\u00e3o sendo os seus dias, confinados, para n\u00e3o se contagiar com o v\u00edrus que tem assustado o mundo.<\/p>\n\n\n\n<figure class=\"wp-block-embed-youtube wp-block-embed is-type-video is-provider-youtube wp-embed-aspect-16-9 wp-has-aspect-ratio\"><div class=\"wp-block-embed__wrapper\">\n<div class=\"ose-youtube ose-uid-4a3f2bfaa741b77cb28a0cb45442a7bc ose-embedpress-responsive\" style=\"width:600px; height:550px; max-height:550px; max-width:100%; display:inline-block;\" data-embed-type=\"Youtube\"><iframe allowFullScreen=\"true\" title=\"Na It\u00e1lia, padre do Cariri fala emocionado sobre coronav\u00edrus\" width=\"600\" height=\"550\" data-src=\"https:\/\/www.youtube.com\/embed\/l_dQ5pwxnvQ?feature=oembed&color=red&rel=0&controls=1&start=&end=&fs=0&iv_load_policy=0&autoplay=0&mute=0&modestbranding=0&cc_load_policy=1&playsinline=1\" frameborder=\"0\" allow=\"accelerometer; encrypted-media;accelerometer;autoplay;clipboard-write;gyroscope;picture-in-picture clipboard-write; encrypted-media; gyroscope; picture-in-picture; web-share\" referrerpolicy=\"strict-origin-when-cross-origin\" allowfullscreen src=\"data:image\/svg+xml;base64,PHN2ZyB3aWR0aD0iMSIgaGVpZ2h0PSIxIiB4bWxucz0iaHR0cDovL3d3dy53My5vcmcvMjAwMC9zdmciPjwvc3ZnPg==\" class=\"lazyload\" data-load-mode=\"1\"><\/iframe><\/div>\n<\/div><\/figure>\n\n\n\n<p>O padre Jos\u00e9 Marcondes Neves \u00e9 natural do s\u00edtio Porteiras, zona rural de S\u00e3o Domingos do Cariri e \u00e9 filho de Jos\u00e9 Fernandes das Neves e Zulmira Joana das Neves.<\/p>\n\n\n\n<p><strong>Blog do Bruno Lira<\/strong><\/p>\n","protected":false},"excerpt":{"rendered":"<p>O padre Marcondes Neves, paraibano, natural de S\u00e3o Domingos do Cariri, est\u00e1 em miss\u00e3o da Igreja Cat\u00f3lica, na It\u00e1lia, pa\u00eds muito afetado com a pandemia&hellip; <\/p>\n","protected":false},"author":1,"featured_media":159130,"comment_status":"closed","ping_status":"closed","sticky":false,"template":"","format":"standard","meta":{"sfsi_plus_gutenberg_text_before_share":"","sfsi_plus_gutenberg_show_text_before_share":"","sfsi_plus_gutenberg_icon_type":"","sfsi_plus_gutenberg_icon_alignemt":"","sfsi_plus_gutenburg_max_per_row":"","footnotes":""},"categories":[50,16],"tags":[],"class_list":["post-159129","post","type-post","status-publish","format-standard","has-post-thumbnail","hentry","category-destaque","category-saude"],"_links":{"self":[{"href":"https:\/\/www.caririemacao.com\/1\/wp-json\/wp\/v2\/posts\/159129","targetHints":{"allow":["GET"]}}],"collection":[{"href":"https:\/\/www.caririemacao.com\/1\/wp-json\/wp\/v2\/posts"}],"about":[{"href":"https:\/\/www.caririemacao.com\/1\/wp-json\/wp\/v2\/types\/post"}],"author":[{"embeddable":true,"href":"https:\/\/www.caririemacao.com\/1\/wp-json\/wp\/v2\/users\/1"}],"replies":[{"embeddable":true,"href":"https:\/\/www.caririemacao.com\/1\/wp-json\/wp\/v2\/comments?post=159129"}],"version-history":[{"count":2,"href":"https:\/\/www.caririemacao.com\/1\/wp-json\/wp\/v2\/posts\/159129\/revisions"}],"predecessor-version":[{"id":159132,"href":"https:\/\/www.caririemacao.com\/1\/wp-json\/wp\/v2\/posts\/159129\/revisions\/159132"}],"wp:featuredmedia":[{"embeddable":true,"href":"https:\/\/www.caririemacao.com\/1\/wp-json\/wp\/v2\/media\/159130"}],"wp:attachment":[{"href":"https:\/\/www.caririemacao.com\/1\/wp-json\/wp\/v2\/media?parent=159129"}],"wp:term":[{"taxonomy":"category","embeddable":true,"href":"https:\/\/www.caririemacao.com\/1\/wp-json\/wp\/v2\/categories?post=159129"},{"taxonomy":"post_tag","embeddable":true,"href":"https:\/\/www.caririemacao.com\/1\/wp-json\/wp\/v2\/tags?post=159129"}],"curies":[{"name":"wp","href":"https:\/\/api.w.org\/{rel}","templated":true}]}}