{"id":159136,"date":"2020-03-20T12:15:34","date_gmt":"2020-03-20T15:15:34","guid":{"rendered":"http:\/\/www.caririemacao.com\/1\/?p=159136"},"modified":"2020-03-20T12:15:35","modified_gmt":"2020-03-20T15:15:35","slug":"cagepa-suspende-temporariamente-corte-de-agua-por-inadimplencia-durante-pandemia-do-coronavirus","status":"publish","type":"post","link":"https:\/\/www.caririemacao.com\/1\/2020\/03\/20\/cagepa-suspende-temporariamente-corte-de-agua-por-inadimplencia-durante-pandemia-do-coronavirus\/","title":{"rendered":"Cagepa suspende, temporariamente, corte de \u00e1gua por inadimpl\u00eancia durante pandemia do coronav\u00edrus"},"content":{"rendered":"\n<p>O corte no fornecimento de \u00e1gua est\u00e1 temporariamente suspenso na Para\u00edba durante a pandemia do coronav\u00edrus. O presidente da Cagepa, Marcos Vin\u00edcius, revelou a suspens\u00e3o da puni\u00e7\u00e3o aos inadimplentes durante o programa Arapuan Verdade, nesta quinta-feira (19).<\/p>\n\n\n\n<p>\u201cO corte est\u00e1 temporariamente suspenso. \u00c9 importante que a gente diga \u00e0 popula\u00e7\u00e3o que estamos num momento de crise. Agora eu fa\u00e7o um apelo \u00e0 popula\u00e7\u00e3o: n\u00f3s temos um custo para a Companhia de \u00c1gua e Esgotos da Para\u00edba que \u00e9 mensal. N\u00f3s temos que pagar energia el\u00e9trica, produtos qu\u00edmicos, combust\u00edvel do carro que est\u00e1 na rua retirando vazamentos\u2026 E uma s\u00e9rie de outros sistemas que envolvem o custeio da m\u00e1quina da Cagepa para que ela possa operar\u201d, lembrou o presidente da Cagepa.<\/p>\n\n\n\n<p>Marcos Vin\u00edcius falou da restri\u00e7\u00e3o de acesso do p\u00fablico \u00e0s ag\u00eancias da Cagepa. \u201cO nosso pessoal de opera\u00e7\u00e3o est\u00e1 trabalhando. As equipes est\u00e3o em campo. N\u00e3o h\u00e1 interrup\u00e7\u00e3o do servi\u00e7o b\u00e1sico. H\u00e1 restri\u00e7\u00e3o no acesso \u00e0s nossas instala\u00e7\u00f5es para evitar aglomera\u00e7\u00f5es. Hoje estamos restringindo o acesso \u00e0 sede dos Regionais e da matriz em Jaguaribe. O acesso das pessoas que n\u00e3o sejam funcion\u00e1rios\u201d, destacou Marcos Vin\u00edcius.<\/p>\n\n\n\n<p><em>Click PB<\/em><\/p>\n","protected":false},"excerpt":{"rendered":"<p>O corte no fornecimento de \u00e1gua est\u00e1 temporariamente suspenso na Para\u00edba durante a pandemia do coronav\u00edrus. O presidente da Cagepa, Marcos Vin\u00edcius, revelou a suspens\u00e3o&hellip; <\/p>\n","protected":false},"author":2,"featured_media":89823,"comment_status":"closed","ping_status":"closed","sticky":false,"template":"","format":"standard","meta":{"sfsi_plus_gutenberg_text_before_share":"","sfsi_plus_gutenberg_show_text_before_share":"","sfsi_plus_gutenberg_icon_type":"","sfsi_plus_gutenberg_icon_alignemt":"","sfsi_plus_gutenburg_max_per_row":"","footnotes":""},"categories":[50,2],"tags":[],"class_list":["post-159136","post","type-post","status-publish","format-standard","has-post-thumbnail","hentry","category-destaque","category-geral"],"_links":{"self":[{"href":"https:\/\/www.caririemacao.com\/1\/wp-json\/wp\/v2\/posts\/159136","targetHints":{"allow":["GET"]}}],"collection":[{"href":"https:\/\/www.caririemacao.com\/1\/wp-json\/wp\/v2\/posts"}],"about":[{"href":"https:\/\/www.caririemacao.com\/1\/wp-json\/wp\/v2\/types\/post"}],"author":[{"embeddable":true,"href":"https:\/\/www.caririemacao.com\/1\/wp-json\/wp\/v2\/users\/2"}],"replies":[{"embeddable":true,"href":"https:\/\/www.caririemacao.com\/1\/wp-json\/wp\/v2\/comments?post=159136"}],"version-history":[{"count":1,"href":"https:\/\/www.caririemacao.com\/1\/wp-json\/wp\/v2\/posts\/159136\/revisions"}],"predecessor-version":[{"id":159137,"href":"https:\/\/www.caririemacao.com\/1\/wp-json\/wp\/v2\/posts\/159136\/revisions\/159137"}],"wp:featuredmedia":[{"embeddable":true,"href":"https:\/\/www.caririemacao.com\/1\/wp-json\/wp\/v2\/media\/89823"}],"wp:attachment":[{"href":"https:\/\/www.caririemacao.com\/1\/wp-json\/wp\/v2\/media?parent=159136"}],"wp:term":[{"taxonomy":"category","embeddable":true,"href":"https:\/\/www.caririemacao.com\/1\/wp-json\/wp\/v2\/categories?post=159136"},{"taxonomy":"post_tag","embeddable":true,"href":"https:\/\/www.caririemacao.com\/1\/wp-json\/wp\/v2\/tags?post=159136"}],"curies":[{"name":"wp","href":"https:\/\/api.w.org\/{rel}","templated":true}]}}