{"id":159140,"date":"2020-03-20T12:16:53","date_gmt":"2020-03-20T15:16:53","guid":{"rendered":"http:\/\/www.caririemacao.com\/1\/?p=159140"},"modified":"2020-03-20T12:16:55","modified_gmt":"2020-03-20T15:16:55","slug":"prefeitura-de-monteiro-suspende-comercializacao-na-feira-do-gado-como-medida-contra-o-covid-19","status":"publish","type":"post","link":"https:\/\/www.caririemacao.com\/1\/2020\/03\/20\/prefeitura-de-monteiro-suspende-comercializacao-na-feira-do-gado-como-medida-contra-o-covid-19\/","title":{"rendered":"Prefeitura de Monteiro suspende comercializa\u00e7\u00e3o na Feira do Gado como medida contra o Covid-19"},"content":{"rendered":"\n<p>Como medida para manter a seguran\u00e7a em sa\u00fade da popula\u00e7\u00e3o monteirense, a prefeita Anna Lorena, em reuni\u00e3o com seu secretariado decidiu na manh\u00e3 desta quinta-feira,19, suspender as atividades de com\u00e9rcio na Feira do Gado nas pr\u00f3ximas duas semanas.<\/p>\n\n\n\n<p>A medida em car\u00e1ter tempor\u00e1rio foi tomada a fim de precaver comerciantes e a pr\u00f3pria popula\u00e7\u00e3o evitando assim aglomera\u00e7\u00f5es de pessoas, como enfrentamento da dissemina\u00e7\u00e3o do Coronav\u00edrus no Munic\u00edpio.<\/p>\n\n\n\n<p>As demais feiras livres pela cidade n\u00e3o ser\u00e3o suspensas no momento, por\u00e9m, as autoridades em sa\u00fade aconselham que idosos e demais pessoas inclusas no grupo de risco evitem ao m\u00e1ximo ir a estes lugares.<\/p>\n\n\n\n<p>A prefeita Anna Lorena ressalta que a medida \u00e9 de extrema import\u00e2ncia para resguardar a popula\u00e7\u00e3o. \u201c\u00c9 uma decis\u00e3o tempor\u00e1ria, mas necess\u00e1ria, que tivemos que tomar para garantir a seguran\u00e7a e a sa\u00fade p\u00fablica na nossa cidade, para que nossa popula\u00e7\u00e3o esteja preparada para enfrentar essa pandemia do Coronav\u00edrus\u201d, disse.<\/p>\n\n\n\n<p>\u201cA Feira livre e o funcionamento do Mercado P\u00fablico, a princ\u00edpio continuar\u00e1 acontecendo aos s\u00e1bados, mas deixem os idosos em casa. N\u00e3o fiquem circulando e evitem aglomera\u00e7\u00f5es. Nossa grande preocupa\u00e7\u00e3o \u00e9 de continuar sem casos, aqui a situa\u00e7\u00e3o \u00e9 bastante delicada pois somos um munic\u00edpio de fronteira com o Estado de Pernambuco que j\u00e1 apresenta dezenas de casos da doen\u00e7a\u201d, comentou Anna Lorena durante entrevista em um programa de r\u00e1dio na tarde desta quinta-feira.<\/p>\n","protected":false},"excerpt":{"rendered":"<p>Como medida para manter a seguran\u00e7a em sa\u00fade da popula\u00e7\u00e3o monteirense, a prefeita Anna Lorena, em reuni\u00e3o com seu secretariado decidiu na manh\u00e3 desta quinta-feira,19,&hellip; <\/p>\n","protected":false},"author":2,"featured_media":159141,"comment_status":"closed","ping_status":"closed","sticky":false,"template":"","format":"standard","meta":{"sfsi_plus_gutenberg_text_before_share":"","sfsi_plus_gutenberg_show_text_before_share":"","sfsi_plus_gutenberg_icon_type":"","sfsi_plus_gutenberg_icon_alignemt":"","sfsi_plus_gutenburg_max_per_row":"","footnotes":""},"categories":[6],"tags":[],"class_list":["post-159140","post","type-post","status-publish","format-standard","has-post-thumbnail","hentry","category-cidades"],"_links":{"self":[{"href":"https:\/\/www.caririemacao.com\/1\/wp-json\/wp\/v2\/posts\/159140","targetHints":{"allow":["GET"]}}],"collection":[{"href":"https:\/\/www.caririemacao.com\/1\/wp-json\/wp\/v2\/posts"}],"about":[{"href":"https:\/\/www.caririemacao.com\/1\/wp-json\/wp\/v2\/types\/post"}],"author":[{"embeddable":true,"href":"https:\/\/www.caririemacao.com\/1\/wp-json\/wp\/v2\/users\/2"}],"replies":[{"embeddable":true,"href":"https:\/\/www.caririemacao.com\/1\/wp-json\/wp\/v2\/comments?post=159140"}],"version-history":[{"count":1,"href":"https:\/\/www.caririemacao.com\/1\/wp-json\/wp\/v2\/posts\/159140\/revisions"}],"predecessor-version":[{"id":159142,"href":"https:\/\/www.caririemacao.com\/1\/wp-json\/wp\/v2\/posts\/159140\/revisions\/159142"}],"wp:featuredmedia":[{"embeddable":true,"href":"https:\/\/www.caririemacao.com\/1\/wp-json\/wp\/v2\/media\/159141"}],"wp:attachment":[{"href":"https:\/\/www.caririemacao.com\/1\/wp-json\/wp\/v2\/media?parent=159140"}],"wp:term":[{"taxonomy":"category","embeddable":true,"href":"https:\/\/www.caririemacao.com\/1\/wp-json\/wp\/v2\/categories?post=159140"},{"taxonomy":"post_tag","embeddable":true,"href":"https:\/\/www.caririemacao.com\/1\/wp-json\/wp\/v2\/tags?post=159140"}],"curies":[{"name":"wp","href":"https:\/\/api.w.org\/{rel}","templated":true}]}}