{"id":159145,"date":"2020-03-20T12:22:08","date_gmt":"2020-03-20T15:22:08","guid":{"rendered":"http:\/\/www.caririemacao.com\/1\/?p=159145"},"modified":"2020-03-20T12:25:58","modified_gmt":"2020-03-20T15:25:58","slug":"zabele-morre-jose-inaldo-secretario-de-financas-vitima-de-infarto","status":"publish","type":"post","link":"https:\/\/www.caririemacao.com\/1\/2020\/03\/20\/zabele-morre-jose-inaldo-secretario-de-financas-vitima-de-infarto\/","title":{"rendered":"Zabel\u00ea: morre Jos\u00e9 Inaldo secret\u00e1rio de finan\u00e7as, v\u00edtima de infarto"},"content":{"rendered":"\n<p>Morreu nesta sexta-feira, dia 20, o ex-vereador de S\u00e3o Sebasti\u00e3o do Umbuzeiro e atual secret\u00e1rio de Finan\u00e7as de Zabel\u00ea, Jos\u00e9 Inaldo, v\u00edtima de um infarto.<\/p>\n\n\n\n<p>Z\u00e9 Inaldo, como era conhecido, chegou a ser socorrido para o Hospital Regional de Monteiro, mas n\u00e3o resistiu. Ele tinha 69 anos.<\/p>\n\n\n\n<p>O Prefeito Dalyson Neves decretou luto oficial no munic\u00edpio por tr\u00eas dias.<br><\/p>\n\n\n\n<p>Com Cariri Ligado<\/p>\n","protected":false},"excerpt":{"rendered":"<p>Morreu nesta sexta-feira, dia 20, o ex-vereador de S\u00e3o Sebasti\u00e3o do Umbuzeiro e atual secret\u00e1rio de Finan\u00e7as de Zabel\u00ea, Jos\u00e9 Inaldo, v\u00edtima de um infarto.&hellip; <\/p>\n","protected":false},"author":1,"featured_media":159146,"comment_status":"closed","ping_status":"closed","sticky":false,"template":"","format":"standard","meta":{"sfsi_plus_gutenberg_text_before_share":"","sfsi_plus_gutenberg_show_text_before_share":"","sfsi_plus_gutenberg_icon_type":"","sfsi_plus_gutenberg_icon_alignemt":"","sfsi_plus_gutenburg_max_per_row":"","footnotes":""},"categories":[1],"tags":[],"class_list":["post-159145","post","type-post","status-publish","format-standard","has-post-thumbnail","hentry","category-o-site"],"_links":{"self":[{"href":"https:\/\/www.caririemacao.com\/1\/wp-json\/wp\/v2\/posts\/159145","targetHints":{"allow":["GET"]}}],"collection":[{"href":"https:\/\/www.caririemacao.com\/1\/wp-json\/wp\/v2\/posts"}],"about":[{"href":"https:\/\/www.caririemacao.com\/1\/wp-json\/wp\/v2\/types\/post"}],"author":[{"embeddable":true,"href":"https:\/\/www.caririemacao.com\/1\/wp-json\/wp\/v2\/users\/1"}],"replies":[{"embeddable":true,"href":"https:\/\/www.caririemacao.com\/1\/wp-json\/wp\/v2\/comments?post=159145"}],"version-history":[{"count":3,"href":"https:\/\/www.caririemacao.com\/1\/wp-json\/wp\/v2\/posts\/159145\/revisions"}],"predecessor-version":[{"id":159151,"href":"https:\/\/www.caririemacao.com\/1\/wp-json\/wp\/v2\/posts\/159145\/revisions\/159151"}],"wp:featuredmedia":[{"embeddable":true,"href":"https:\/\/www.caririemacao.com\/1\/wp-json\/wp\/v2\/media\/159146"}],"wp:attachment":[{"href":"https:\/\/www.caririemacao.com\/1\/wp-json\/wp\/v2\/media?parent=159145"}],"wp:term":[{"taxonomy":"category","embeddable":true,"href":"https:\/\/www.caririemacao.com\/1\/wp-json\/wp\/v2\/categories?post=159145"},{"taxonomy":"post_tag","embeddable":true,"href":"https:\/\/www.caririemacao.com\/1\/wp-json\/wp\/v2\/tags?post=159145"}],"curies":[{"name":"wp","href":"https:\/\/api.w.org\/{rel}","templated":true}]}}