{"id":159149,"date":"2020-03-20T12:26:08","date_gmt":"2020-03-20T15:26:08","guid":{"rendered":"http:\/\/www.caririemacao.com\/1\/?p=159149"},"modified":"2020-03-20T12:26:09","modified_gmt":"2020-03-20T15:26:09","slug":"urgente-paraiba-vai-usar-policia-para-forcar-isolamento-social-da-populacao-devido-ao-coronavirus","status":"publish","type":"post","link":"https:\/\/www.caririemacao.com\/1\/2020\/03\/20\/urgente-paraiba-vai-usar-policia-para-forcar-isolamento-social-da-populacao-devido-ao-coronavirus\/","title":{"rendered":"URGENTE: Para\u00edba vai usar pol\u00edcia para for\u00e7ar isolamento social da popula\u00e7\u00e3o devido ao Coronav\u00edrus"},"content":{"rendered":"\n<p>O Governo da Para\u00edba vai usar a for\u00e7a policial para&nbsp;for\u00e7ar isolamento social devido ao Coronav\u00edrus. A informa\u00e7\u00e3o foi dada na manh\u00e3 desta sexta-feira (20), pelo&nbsp;secret\u00e1rio de Sa\u00fade da Para\u00edba, Geraldo Medeiros.&nbsp;<\/p>\n\n\n\n<p>De acordo com o secret\u00e1rio, a decis\u00e3o aconteceu ap\u00f3s uma reuni\u00e3o do governador Jo\u00e3o Azev\u00eado,&nbsp;com o prefeito de Jo\u00e3o Pessoa, Luciano Cartaxo (PV), de Campina Grande, Romero Rodrigues (PSD), procuradores dos dois munic\u00edpios e do estado, al\u00e9m de integrantes do Minist\u00e9rio P\u00fablico Federal (MPF) e do Minist\u00e9rio P\u00fablico da Para\u00edba (MPPB).<\/p>\n\n\n\n<p>O&nbsp;uso das for\u00e7as policiais para for\u00e7ar o isolamento dentro de casa se justifica pela crescente dos casos de transmiss\u00e3o sustentada, que ocorre quando o paciente n\u00e3o sabe de quem ele pode ter recebido o v\u00edrus, em outras partes do pa\u00eds.<\/p>\n\n\n\n<p>Ainda de acordo com Geraldo Medeiros, a medida foi definida&nbsp;ap\u00f3s um consenso dos gestores de que a popula\u00e7\u00e3o paraibana ainda n\u00e3o se deu conta para a gravidade&nbsp;da pandemia do coronav\u00edrus.<\/p>\n\n\n\n<p>\u201cTem que se conscientizar que tem ficar em casa, n\u00e3o s\u00e3o f\u00e9rias. Tem que entender, n\u00e3o \u00e9 pra frequentar bares, praias, nenhum espa\u00e7o p\u00fablico. \u00c9 pra ficar em casa, em isolamento, reclus\u00e3o\u201d, explicou.<\/p>\n","protected":false},"excerpt":{"rendered":"<p>O Governo da Para\u00edba vai usar a for\u00e7a policial para&nbsp;for\u00e7ar isolamento social devido ao Coronav\u00edrus. A informa\u00e7\u00e3o foi dada na manh\u00e3 desta sexta-feira (20), pelo&nbsp;secret\u00e1rio&hellip; <\/p>\n","protected":false},"author":2,"featured_media":154106,"comment_status":"closed","ping_status":"closed","sticky":false,"template":"","format":"standard","meta":{"sfsi_plus_gutenberg_text_before_share":"","sfsi_plus_gutenberg_show_text_before_share":"","sfsi_plus_gutenberg_icon_type":"","sfsi_plus_gutenberg_icon_alignemt":"","sfsi_plus_gutenburg_max_per_row":"","footnotes":""},"categories":[50,2],"tags":[],"class_list":["post-159149","post","type-post","status-publish","format-standard","has-post-thumbnail","hentry","category-destaque","category-geral"],"_links":{"self":[{"href":"https:\/\/www.caririemacao.com\/1\/wp-json\/wp\/v2\/posts\/159149","targetHints":{"allow":["GET"]}}],"collection":[{"href":"https:\/\/www.caririemacao.com\/1\/wp-json\/wp\/v2\/posts"}],"about":[{"href":"https:\/\/www.caririemacao.com\/1\/wp-json\/wp\/v2\/types\/post"}],"author":[{"embeddable":true,"href":"https:\/\/www.caririemacao.com\/1\/wp-json\/wp\/v2\/users\/2"}],"replies":[{"embeddable":true,"href":"https:\/\/www.caririemacao.com\/1\/wp-json\/wp\/v2\/comments?post=159149"}],"version-history":[{"count":1,"href":"https:\/\/www.caririemacao.com\/1\/wp-json\/wp\/v2\/posts\/159149\/revisions"}],"predecessor-version":[{"id":159152,"href":"https:\/\/www.caririemacao.com\/1\/wp-json\/wp\/v2\/posts\/159149\/revisions\/159152"}],"wp:featuredmedia":[{"embeddable":true,"href":"https:\/\/www.caririemacao.com\/1\/wp-json\/wp\/v2\/media\/154106"}],"wp:attachment":[{"href":"https:\/\/www.caririemacao.com\/1\/wp-json\/wp\/v2\/media?parent=159149"}],"wp:term":[{"taxonomy":"category","embeddable":true,"href":"https:\/\/www.caririemacao.com\/1\/wp-json\/wp\/v2\/categories?post=159149"},{"taxonomy":"post_tag","embeddable":true,"href":"https:\/\/www.caririemacao.com\/1\/wp-json\/wp\/v2\/tags?post=159149"}],"curies":[{"name":"wp","href":"https:\/\/api.w.org\/{rel}","templated":true}]}}