{"id":159157,"date":"2020-03-20T12:53:10","date_gmt":"2020-03-20T15:53:10","guid":{"rendered":"http:\/\/www.caririemacao.com\/1\/?p=159157"},"modified":"2020-03-20T12:53:12","modified_gmt":"2020-03-20T15:53:12","slug":"brasil-fecha-fronteiras-terrestres-contra-o-coronavirus-pelo-periodo-de-15-dias","status":"publish","type":"post","link":"https:\/\/www.caririemacao.com\/1\/2020\/03\/20\/brasil-fecha-fronteiras-terrestres-contra-o-coronavirus-pelo-periodo-de-15-dias\/","title":{"rendered":"Brasil fecha fronteiras terrestres contra o coronav\u00edrus pelo per\u00edodo de 15 dias"},"content":{"rendered":"\n<p>Uma portaria assinada pelos ministros da Sa\u00fade, Luiz Henrique Mandetta, e da Justi\u00e7a, S\u00e9rgio Moro, determinou o fechamento das fronteiras terrestres do Brasil com pa\u00edses da Am\u00e9rica do Sul, exceto o Uruguai, em raz\u00e3o da crise do novo coronav\u00edrus.<\/p>\n\n\n\n<p>A medida valer\u00e1 pelos pr\u00f3ximos 15 dias e ter\u00e1 efeitos para estrangeiros que estejam nesses pa\u00edses e queiram entrar no Brasil. Brasileiros que estiverem nesses locais podem entrar no pa\u00eds.<\/p>\n\n\n\n<p>Cargas poder\u00e3o continuar entrando no Brasil, assim como agentes de a\u00e7\u00f5es humanit\u00e1rias.<\/p>\n\n\n\n<p><em>Mais PB<\/em><\/p>\n","protected":false},"excerpt":{"rendered":"<p>Uma portaria assinada pelos ministros da Sa\u00fade, Luiz Henrique Mandetta, e da Justi\u00e7a, S\u00e9rgio Moro, determinou o fechamento das fronteiras terrestres do Brasil com pa\u00edses&hellip; <\/p>\n","protected":false},"author":2,"featured_media":159158,"comment_status":"closed","ping_status":"closed","sticky":false,"template":"","format":"standard","meta":{"sfsi_plus_gutenberg_text_before_share":"","sfsi_plus_gutenberg_show_text_before_share":"","sfsi_plus_gutenberg_icon_type":"","sfsi_plus_gutenberg_icon_alignemt":"","sfsi_plus_gutenburg_max_per_row":"","footnotes":""},"categories":[2],"tags":[],"class_list":["post-159157","post","type-post","status-publish","format-standard","has-post-thumbnail","hentry","category-geral"],"_links":{"self":[{"href":"https:\/\/www.caririemacao.com\/1\/wp-json\/wp\/v2\/posts\/159157","targetHints":{"allow":["GET"]}}],"collection":[{"href":"https:\/\/www.caririemacao.com\/1\/wp-json\/wp\/v2\/posts"}],"about":[{"href":"https:\/\/www.caririemacao.com\/1\/wp-json\/wp\/v2\/types\/post"}],"author":[{"embeddable":true,"href":"https:\/\/www.caririemacao.com\/1\/wp-json\/wp\/v2\/users\/2"}],"replies":[{"embeddable":true,"href":"https:\/\/www.caririemacao.com\/1\/wp-json\/wp\/v2\/comments?post=159157"}],"version-history":[{"count":1,"href":"https:\/\/www.caririemacao.com\/1\/wp-json\/wp\/v2\/posts\/159157\/revisions"}],"predecessor-version":[{"id":159159,"href":"https:\/\/www.caririemacao.com\/1\/wp-json\/wp\/v2\/posts\/159157\/revisions\/159159"}],"wp:featuredmedia":[{"embeddable":true,"href":"https:\/\/www.caririemacao.com\/1\/wp-json\/wp\/v2\/media\/159158"}],"wp:attachment":[{"href":"https:\/\/www.caririemacao.com\/1\/wp-json\/wp\/v2\/media?parent=159157"}],"wp:term":[{"taxonomy":"category","embeddable":true,"href":"https:\/\/www.caririemacao.com\/1\/wp-json\/wp\/v2\/categories?post=159157"},{"taxonomy":"post_tag","embeddable":true,"href":"https:\/\/www.caririemacao.com\/1\/wp-json\/wp\/v2\/tags?post=159157"}],"curies":[{"name":"wp","href":"https:\/\/api.w.org\/{rel}","templated":true}]}}