{"id":159161,"date":"2020-03-20T12:58:39","date_gmt":"2020-03-20T15:58:39","guid":{"rendered":"http:\/\/www.caririemacao.com\/1\/?p=159161"},"modified":"2020-03-20T12:58:42","modified_gmt":"2020-03-20T15:58:42","slug":"consumo-das-redes-de-telefonia-sobe-muito-por-conta-do-coronavirus","status":"publish","type":"post","link":"https:\/\/www.caririemacao.com\/1\/2020\/03\/20\/consumo-das-redes-de-telefonia-sobe-muito-por-conta-do-coronavirus\/","title":{"rendered":"Consumo das redes de telefonia sobe muito por conta do coronav\u00edrus"},"content":{"rendered":"\n<p>&nbsp;Em tr\u00eas dias de quarentena provocada pela onda de coronav\u00edrus no pa\u00eds, as operadoras de telefonia registraram um aumento m\u00e9dio de 40% no tr\u00e1fego de dados de sua rede.<\/p>\n\n\n\n<p>Vivo, Claro, TIM e Oi passaram a atender mais clientes em casa ao longo do dia e verificaram picos de consumo at\u00e9 15% maiores. Os picos, normalmente, s\u00f3 ocorrem pela manh\u00e3, quando as pessoas est\u00e3o saindo de casa, e \u00e0 noite, quando retornam.<\/p>\n\n\n\n<p>A preocupa\u00e7\u00e3o \u00e9 que atinjam pico entre 150% e 200%, o que provocaria a fal\u00eancia da rede.<\/p>\n\n\n\n<p>Governadores de pelo menos cinco estados (SP, RJ, BA, AM e GO) e do Distrito Federal solicitaram \u00e0s operadoras conex\u00f5es mais potentes e exclusivas para que a rede p\u00fablica e privada de ensino possa restabelecer o ritmo de aulas por meio de videoconfer\u00eancias.<\/p>\n\n\n\n<p>Tamb\u00e9m pediram \u00e0s gr\u00e1ficas respons\u00e1veis pelo material did\u00e1tico para que criem aplicativos que permitam aos alunos realizarem suas tarefas que ser\u00e3o corrigidas \u00e0 dist\u00e2ncia pelos professores.<\/p>\n\n\n\n<p>Iniciativas como essas v\u00e3o criar mais tr\u00e1fego nas resid\u00eancias que, de acordo com os t\u00e9cnicos das operadoras, j\u00e1 inverteu.<\/p>\n\n\n\n<p>Normalmente, ao longo do dia, as conex\u00f5es fixas residenciais operam com uma m\u00e9dia de 80% de ociosidade quando pais e filhos est\u00e3o no trabalho e na escola, respectivamente.<\/p>\n\n\n\n<p>Desde segunda-feira (16), essas redes passaram a operar em sua capacidade plena e com picos de consumo cerca de 15% maiores.<\/p>\n\n\n\n<p>De acordo com os t\u00e9cnicos das companhias, ainda \u00e9 cedo para avaliar se teremos um crescimento explosivo de dados consumindo muita capacidade da rede, mas se seguirmos o padr\u00e3o da It\u00e1lia, ser\u00e1 preciso tomar medidas de precau\u00e7\u00e3o.<\/p>\n\n\n\n<p>Na Europa, as autoridades solicitaram que aplicativos, como Netflix, n\u00e3o permitissem o tr\u00e1fego de v\u00eddeos em alta defini\u00e7\u00e3o, o que sobrecarrega demasiadamente a rede.<\/p>\n\n\n\n<p>Um v\u00eddeo em alta defini\u00e7\u00e3o exige 30% mais capacidade de transmiss\u00e3o do que em padr\u00e3o \u201cstandard\u201d.<\/p>\n\n\n\n<p>Na It\u00e1lia, onde a quarentena se prolonga por mais tempo, o crescimento do consumo nas redes fixas (internet por fibra) dobrou e o das redes m\u00f3veis subiu 30%.<\/p>\n\n\n\n<p>As operadoras acreditam que, no m\u00ednimo, os brasileiros devem repetir o padr\u00e3o dos italianos. Por isso, os engenheiros de rede trabalham no redimensionamento das conex\u00f5es.<\/p>\n\n\n\n<p>Al\u00e9m disso, os executivos das empresas est\u00e3o temerosos de que, a exemplo do que ocorreu na Assembleia Legislativa do Rio de Janeiro, outros projetos de lei permitam a presta\u00e7\u00e3o gratuita do servi\u00e7o.<\/p>\n\n\n\n<p>Nesta quarta-feira (18), a Alerj aprovou um projeto que obriga as operadoras a fornecerem gratuitamente acesso a aplicativos, sites e servi\u00e7os de streaming (v\u00eddeos) at\u00e9 o final do estado de calamidade.<\/p>\n\n\n\n<p>Para eles, esse tipo de iniciativa quebra a rede porque promove um crescimento exponencial do consumo de v\u00eddeos, j\u00e1 que tudo passa a ser gratuito.<\/p>\n\n\n\n<p>Para tentar se precaver, as operadoras est\u00e3o pleiteando junto ao Minist\u00e9rio da Economia, a posterga\u00e7\u00e3o at\u00e9 dezembro deste ano do pagamento de taxas e contribui\u00e7\u00f5es federais, como Fust, Fistel, Condecine, entre outros. No total, s\u00e3o R$ 4,7 bilh\u00f5es que vencem neste m\u00eas. Tamb\u00e9m o adiamento do pagamento das outorgas de telefonia.<\/p>\n\n\n\n<p>Com esse dinheiro, pretendem turbinar a capacidade das redes para evitar um apag\u00e3o caso a situa\u00e7\u00e3o saia de controle.<\/p>\n\n\n\n<p>O Sinditelebrasil, associa\u00e7\u00e3o que representa as operadoras, informa que os Centros de Ger\u00eancia das empresas est\u00e3o permanentemente monitorando o uso das redes de acesso e transporte para garantir a conectividade e acesso a servi\u00e7os digitais.<\/p>\n\n\n\n<p>Esse monitoramento permite, se necess\u00e1rio, implementar rotinas de contingenciamento e redirecionamento de tr\u00e1fego para mitigar eventuais situa\u00e7\u00f5es de congestionamento.<\/p>\n\n\n\n<p>A associa\u00e7\u00e3o considera que a capacidade das redes de telecomunica\u00e7\u00f5es n\u00e3o \u00e9 infinita, mas as empresas est\u00e3o envidando todos os esfor\u00e7os para manter a seguran\u00e7a, a estabilidade e o funcionamento das redes e, at\u00e9 o momento, n\u00e3o foram identificados registros de problemas.<\/p>\n\n\n\n<p>\u201cImportante ressaltar que as prestadoras est\u00e3o cumprindo todas as recomenda\u00e7\u00f5es e orienta\u00e7\u00f5es da OMS e das autoridades de sa\u00fade brasileiras e tomando desde semana passada relevantes iniciativas no aux\u00edlio ao combate ao novo coronav\u00edrus como a\u00e7\u00f5es para ampliar o acesso aos servi\u00e7os para os usu\u00e1rios, campanhas de informa\u00e7\u00e3o \u00e0 sociedade e pol\u00edticas internas para preservar os funcion\u00e1rios das empresas.\u201d<\/p>\n\n\n\n<p>O SindiTelebrasil diz ainda que as empresas se colocaram \u00e0 disposi\u00e7\u00e3o do governo e da Anatel para detalhar e discutir novas medidas complementares que se fizerem necess\u00e1rias.<\/p>\n\n\n\n<p>\u201cEstamos vivendo um cen\u00e1rio imprevis\u00edvel no qual temos que concentrar esfor\u00e7os na sa\u00fade das pessoas, na estabilidade da rede e na efic\u00e1cia do atendimento compat\u00edvel com a situa\u00e7\u00e3o.\u201d<\/p>\n","protected":false},"excerpt":{"rendered":"<p>&nbsp;Em tr\u00eas dias de quarentena provocada pela onda de coronav\u00edrus no pa\u00eds, as operadoras de telefonia registraram um aumento m\u00e9dio de 40% no tr\u00e1fego de&hellip; <\/p>\n","protected":false},"author":2,"featured_media":159163,"comment_status":"closed","ping_status":"closed","sticky":false,"template":"","format":"standard","meta":{"sfsi_plus_gutenberg_text_before_share":"","sfsi_plus_gutenberg_show_text_before_share":"","sfsi_plus_gutenberg_icon_type":"","sfsi_plus_gutenberg_icon_alignemt":"","sfsi_plus_gutenburg_max_per_row":"","footnotes":""},"categories":[2],"tags":[],"class_list":["post-159161","post","type-post","status-publish","format-standard","has-post-thumbnail","hentry","category-geral"],"_links":{"self":[{"href":"https:\/\/www.caririemacao.com\/1\/wp-json\/wp\/v2\/posts\/159161","targetHints":{"allow":["GET"]}}],"collection":[{"href":"https:\/\/www.caririemacao.com\/1\/wp-json\/wp\/v2\/posts"}],"about":[{"href":"https:\/\/www.caririemacao.com\/1\/wp-json\/wp\/v2\/types\/post"}],"author":[{"embeddable":true,"href":"https:\/\/www.caririemacao.com\/1\/wp-json\/wp\/v2\/users\/2"}],"replies":[{"embeddable":true,"href":"https:\/\/www.caririemacao.com\/1\/wp-json\/wp\/v2\/comments?post=159161"}],"version-history":[{"count":1,"href":"https:\/\/www.caririemacao.com\/1\/wp-json\/wp\/v2\/posts\/159161\/revisions"}],"predecessor-version":[{"id":159164,"href":"https:\/\/www.caririemacao.com\/1\/wp-json\/wp\/v2\/posts\/159161\/revisions\/159164"}],"wp:featuredmedia":[{"embeddable":true,"href":"https:\/\/www.caririemacao.com\/1\/wp-json\/wp\/v2\/media\/159163"}],"wp:attachment":[{"href":"https:\/\/www.caririemacao.com\/1\/wp-json\/wp\/v2\/media?parent=159161"}],"wp:term":[{"taxonomy":"category","embeddable":true,"href":"https:\/\/www.caririemacao.com\/1\/wp-json\/wp\/v2\/categories?post=159161"},{"taxonomy":"post_tag","embeddable":true,"href":"https:\/\/www.caririemacao.com\/1\/wp-json\/wp\/v2\/tags?post=159161"}],"curies":[{"name":"wp","href":"https:\/\/api.w.org\/{rel}","templated":true}]}}