{"id":159162,"date":"2020-03-20T13:22:13","date_gmt":"2020-03-20T16:22:13","guid":{"rendered":"http:\/\/www.caririemacao.com\/1\/?p=159162"},"modified":"2020-03-20T13:37:13","modified_gmt":"2020-03-20T16:37:13","slug":"presidente-da-camara-do-congo-decreta-medidas-de-emergencia-para-o-enfrentamento-do-coronavirus","status":"publish","type":"post","link":"https:\/\/www.caririemacao.com\/1\/2020\/03\/20\/presidente-da-camara-do-congo-decreta-medidas-de-emergencia-para-o-enfrentamento-do-coronavirus\/","title":{"rendered":"Congo: Presidente da C\u00e2mara decreta medidas de emerg\u00eancia, para o enfrentamento do coronav\u00edrus"},"content":{"rendered":"\n<p>O presidente da C\u00e2mara Municipal de Congo, Lenilson Bezerra, decretou nesta sexta-feira (20),  medidas para o enfrentamento emergencial da sa\u00fade p\u00fablica de import\u00e2ncia internacional, em decorr\u00eancia ao Covid-19 (coronav\u00edrus). <\/p>\n\n\n\n<p>De acordo com o decreto, ficam suspensas pelo prazo de 30 dias, as sess\u00f5es ordin\u00e1rias do Poder Legislativo Municipal da cidade de Congo. O funcionamento da C\u00e2mara Municipal tamb\u00e9m sobre altera\u00e7\u00f5es, e passa a funcionar somente de forma interna. E o atendimento ao p\u00fablico, passa a ser preferencialmente atrav\u00e9s do telefone (83) 3359-1032. <\/p>\n\n\n\n<p>Novas medidas poder\u00e3o ser tomadas, diante do quadro de emerg\u00eancia de sa\u00fade p\u00fablica que vive o pa\u00eds e o mundo. Isso de acordo com o decreto estabelecido pelo presidente Lenilson. <\/p>\n","protected":false},"excerpt":{"rendered":"<p>O presidente da C\u00e2mara Municipal de Congo, Lenilson Bezerra, decretou nesta sexta-feira (20), medidas para o enfrentamento emergencial da sa\u00fade p\u00fablica de import\u00e2ncia internacional, em&hellip; <\/p>\n","protected":false},"author":1,"featured_media":16586,"comment_status":"closed","ping_status":"closed","sticky":false,"template":"","format":"standard","meta":{"sfsi_plus_gutenberg_text_before_share":"","sfsi_plus_gutenberg_show_text_before_share":"","sfsi_plus_gutenberg_icon_type":"","sfsi_plus_gutenberg_icon_alignemt":"","sfsi_plus_gutenburg_max_per_row":"","footnotes":""},"categories":[6,16],"tags":[],"class_list":["post-159162","post","type-post","status-publish","format-standard","has-post-thumbnail","hentry","category-cidades","category-saude"],"_links":{"self":[{"href":"https:\/\/www.caririemacao.com\/1\/wp-json\/wp\/v2\/posts\/159162","targetHints":{"allow":["GET"]}}],"collection":[{"href":"https:\/\/www.caririemacao.com\/1\/wp-json\/wp\/v2\/posts"}],"about":[{"href":"https:\/\/www.caririemacao.com\/1\/wp-json\/wp\/v2\/types\/post"}],"author":[{"embeddable":true,"href":"https:\/\/www.caririemacao.com\/1\/wp-json\/wp\/v2\/users\/1"}],"replies":[{"embeddable":true,"href":"https:\/\/www.caririemacao.com\/1\/wp-json\/wp\/v2\/comments?post=159162"}],"version-history":[{"count":5,"href":"https:\/\/www.caririemacao.com\/1\/wp-json\/wp\/v2\/posts\/159162\/revisions"}],"predecessor-version":[{"id":159182,"href":"https:\/\/www.caririemacao.com\/1\/wp-json\/wp\/v2\/posts\/159162\/revisions\/159182"}],"wp:featuredmedia":[{"embeddable":true,"href":"https:\/\/www.caririemacao.com\/1\/wp-json\/wp\/v2\/media\/16586"}],"wp:attachment":[{"href":"https:\/\/www.caririemacao.com\/1\/wp-json\/wp\/v2\/media?parent=159162"}],"wp:term":[{"taxonomy":"category","embeddable":true,"href":"https:\/\/www.caririemacao.com\/1\/wp-json\/wp\/v2\/categories?post=159162"},{"taxonomy":"post_tag","embeddable":true,"href":"https:\/\/www.caririemacao.com\/1\/wp-json\/wp\/v2\/tags?post=159162"}],"curies":[{"name":"wp","href":"https:\/\/api.w.org\/{rel}","templated":true}]}}