{"id":159168,"date":"2020-03-20T13:02:43","date_gmt":"2020-03-20T16:02:43","guid":{"rendered":"http:\/\/www.caririemacao.com\/1\/?p=159168"},"modified":"2020-03-20T13:02:45","modified_gmt":"2020-03-20T16:02:45","slug":"covid-19-pesquisador-alerta-grupos-de-risco-sobre-cuidados-que-devem-tomar","status":"publish","type":"post","link":"https:\/\/www.caririemacao.com\/1\/2020\/03\/20\/covid-19-pesquisador-alerta-grupos-de-risco-sobre-cuidados-que-devem-tomar\/","title":{"rendered":"Covid-19: Pesquisador alerta grupos de risco sobre cuidados que devem tomar"},"content":{"rendered":"\n<p> No \u201cMomento UAMA\u201d do programa \u201cConex\u00e3o Caturit\u00e9\u201d, da quarta-feira, 18, o professor e pesquisador em envelhecimento Rodrigo Arantes\u00a0trouxe uma reflex\u00e3o e alertou sobre os cuidados necess\u00e1rios que os grupos de risco, como idosos, diab\u00e9ticos, hipertensos, pessoas que t\u00eam insufici\u00eancia renal cr\u00f4nica, doen\u00e7a respirat\u00f3ria cr\u00f4nica, imunidade baixa, devem tomar em rela\u00e7\u00e3o ao Covid-19.<\/p>\n\n\n\n<p>O programa \u00e9 l\u00edder em audi\u00eancia no hor\u00e1rio do almo\u00e7o em Campina Grande.<\/p>\n\n\n\n<p>Vai ao ar das 11h \u00e0s 13h, na R\u00e1dio Caturit\u00e9 FM (104.1)<\/p>\n\n\n\n<figure class=\"wp-block-image\"><img decoding=\"async\" data-src=\"https:\/\/paraibaonline.com.br\/wp-content\/uploads\/2020\/03\/idosos2003.jpg\" alt=\"Foto: Minsa\" class=\"wp-image-844616 lazyload\" src=\"data:image\/svg+xml;base64,PHN2ZyB3aWR0aD0iMSIgaGVpZ2h0PSIxIiB4bWxucz0iaHR0cDovL3d3dy53My5vcmcvMjAwMC9zdmciPjwvc3ZnPg==\" \/><\/figure>\n\n\n\n<p>Foto: Minsa<\/p>\n\n\n\n<p>Quer saber mais? Confira a entrevista completa:<\/p>\n\n\n\n<figure><iframe data-src=\"https:\/\/w.soundcloud.com\/player\/?visual=true&amp;url=https%3A%2F%2Fapi.soundcloud.com%2Ftracks%2F779547169&amp;show_artwork=true&amp;maxwidth=500&amp;maxheight=750&amp;dnt=1\" src=\"data:image\/svg+xml;base64,PHN2ZyB3aWR0aD0iMSIgaGVpZ2h0PSIxIiB4bWxucz0iaHR0cDovL3d3dy53My5vcmcvMjAwMC9zdmciPjwvc3ZnPg==\" class=\"lazyload\" data-load-mode=\"1\"><\/iframe><\/figure>\n","protected":false},"excerpt":{"rendered":"<p>No \u201cMomento UAMA\u201d do programa \u201cConex\u00e3o Caturit\u00e9\u201d, da quarta-feira, 18, o professor e pesquisador em envelhecimento Rodrigo Arantes\u00a0trouxe uma reflex\u00e3o e alertou sobre os cuidados&hellip; <\/p>\n","protected":false},"author":2,"featured_media":155685,"comment_status":"closed","ping_status":"closed","sticky":false,"template":"","format":"standard","meta":{"sfsi_plus_gutenberg_text_before_share":"","sfsi_plus_gutenberg_show_text_before_share":"","sfsi_plus_gutenberg_icon_type":"","sfsi_plus_gutenberg_icon_alignemt":"","sfsi_plus_gutenburg_max_per_row":"","footnotes":""},"categories":[2],"tags":[],"class_list":["post-159168","post","type-post","status-publish","format-standard","has-post-thumbnail","hentry","category-geral"],"_links":{"self":[{"href":"https:\/\/www.caririemacao.com\/1\/wp-json\/wp\/v2\/posts\/159168","targetHints":{"allow":["GET"]}}],"collection":[{"href":"https:\/\/www.caririemacao.com\/1\/wp-json\/wp\/v2\/posts"}],"about":[{"href":"https:\/\/www.caririemacao.com\/1\/wp-json\/wp\/v2\/types\/post"}],"author":[{"embeddable":true,"href":"https:\/\/www.caririemacao.com\/1\/wp-json\/wp\/v2\/users\/2"}],"replies":[{"embeddable":true,"href":"https:\/\/www.caririemacao.com\/1\/wp-json\/wp\/v2\/comments?post=159168"}],"version-history":[{"count":1,"href":"https:\/\/www.caririemacao.com\/1\/wp-json\/wp\/v2\/posts\/159168\/revisions"}],"predecessor-version":[{"id":159170,"href":"https:\/\/www.caririemacao.com\/1\/wp-json\/wp\/v2\/posts\/159168\/revisions\/159170"}],"wp:featuredmedia":[{"embeddable":true,"href":"https:\/\/www.caririemacao.com\/1\/wp-json\/wp\/v2\/media\/155685"}],"wp:attachment":[{"href":"https:\/\/www.caririemacao.com\/1\/wp-json\/wp\/v2\/media?parent=159168"}],"wp:term":[{"taxonomy":"category","embeddable":true,"href":"https:\/\/www.caririemacao.com\/1\/wp-json\/wp\/v2\/categories?post=159168"},{"taxonomy":"post_tag","embeddable":true,"href":"https:\/\/www.caririemacao.com\/1\/wp-json\/wp\/v2\/tags?post=159168"}],"curies":[{"name":"wp","href":"https:\/\/api.w.org\/{rel}","templated":true}]}}