{"id":159171,"date":"2020-03-20T13:04:47","date_gmt":"2020-03-20T16:04:47","guid":{"rendered":"http:\/\/www.caririemacao.com\/1\/?p=159171"},"modified":"2020-03-20T13:04:49","modified_gmt":"2020-03-20T16:04:49","slug":"idosos-e-profissionais-de-saude-serao-os-primeiros-a-se-vacinarem-contra-a-gripe-a-partir-de-segunda-feira","status":"publish","type":"post","link":"https:\/\/www.caririemacao.com\/1\/2020\/03\/20\/idosos-e-profissionais-de-saude-serao-os-primeiros-a-se-vacinarem-contra-a-gripe-a-partir-de-segunda-feira\/","title":{"rendered":"Idosos e profissionais de sa\u00fade ser\u00e3o os primeiros a se vacinarem contra a gripe a partir de segunda-feira"},"content":{"rendered":"\n<p>Come\u00e7a na pr\u00f3xima segunda-feira (23) a 22\u00aa Campanha Nacional de Vacina\u00e7\u00e3o contra Influenza.Ser\u00e3o vacinados, primeiramente, os idosos e os trabalhadores de sa\u00fade que atuam na linha de frente do atendimento \u00e0 popula\u00e7\u00e3o. A campanha foi antecipada e a decis\u00e3o \u00e9 mais uma medida de prote\u00e7\u00e3o a esses p\u00fablicos, em especial aos idosos, j\u00e1 que a vacina \u00e9 uma prote\u00e7\u00e3o aos quadros de doen\u00e7as respirat\u00f3rias mais comuns, que, dependendo da gravidade, pode levar a \u00f3bito. Outra preocupa\u00e7\u00e3o \u00e9 evitar que as pessoas acima de 60 anos, p\u00fablico mais vulner\u00e1vel ao coronav\u00edrus, precisem fazer deslocamentos no per\u00edodo esperado de prov\u00e1vel circula\u00e7\u00e3o do v\u00edrus no pa\u00eds.<\/p>\n\n\n\n<p>\u201cO Governo do Estado recomenda que os munic\u00edpios lancem estrat\u00e9gias de vacina\u00e7\u00e3o dos idosos casa a casa, para evitar aglomera\u00e7\u00e3o nos servi\u00e7os de sa\u00fade. Esses cronogramas devem ser divulgados previamente para que os idosos aguardem em casa\u201d, informou a chefe do N\u00facleo de Imuniza\u00e7\u00f5es da Secretaria de Estado da Sa\u00fade, Isiane Queiroga.<\/p>\n\n\n\n<p>A meta \u00e9 vacinar, pelo menos, 90% de cada um dos grupos priorit\u00e1rios. Ano passado, a Para\u00edba atingiu 94,44%. \u201cRecebemos nesse primeiro envio 246 mil doses que j\u00e1 foram encaminhadas aos munic\u00edpios paraibanos\u201d, comunicou Isiane.<\/p>\n\n\n\n<p>A segunda fase da campanha de vacina\u00e7\u00e3o contra a gripe come\u00e7a no dia 16 de abril e contempla professores de escolas p\u00fablicas e privadas, profissionais de seguran\u00e7a e salvamento e portadores de doen\u00e7as cr\u00f4nicas n\u00e3o transmiss\u00edveis e outras condi\u00e7\u00f5es cl\u00ednicas especiais. Na sequ\u00eancia, a partir do dia 9 de maio, que tamb\u00e9m \u00e9 o Dia D, a campanha ser\u00e1 aberta para crian\u00e7as de 6 meses a menores de 6 anos, gr\u00e1vidas, m\u00e3es no p\u00f3s-parto, adolescentes e jovens de 12 a 21 anos sob medidas socioeducativas, popula\u00e7\u00e3o ind\u00edgena, popula\u00e7\u00e3o privada de liberdade e funcion\u00e1rios do sistema prisional e adultos de 55 a 59 anos de idade. A vacina\u00e7\u00e3o ser\u00e1 encerrada no dia 23 de maio.<\/p>\n\n\n\n<p>\u201cDo ponto de vista epidemiol\u00f3gico, as crian\u00e7as s\u00e3o consideradas multiplicadoras de v\u00edrus respirat\u00f3rios e, por isso, o Programa Nacional de Imuniza\u00e7\u00f5es programou duas semanas de intervalo entre a primeira e terceira fase\u201d, explicou Isiane.<\/p>\n\n\n\n<p>Dados \u2013 Este ano, at\u00e9 a 10\u00aa semana epidemiol\u00f3gica (incompleta), dos 223 munic\u00edpios da Para\u00edba, nove (4%) notificaram casos de S\u00edndrome Respirat\u00f3ria Aguda Grave (SRAG) hospitalizados. Do total de hospitalizados, 23 casos foram sinalizados com SRAG no ano de 2020, o que representa uma redu\u00e7\u00e3o de 30% quando comparado ao mesmo per\u00edodo do ano anterior, que registrou 33 casos.<\/p>\n\n\n\n<p>Em 2019, foram notificados nove \u00f3bitos por SRAG, sendo cinco deles em Jo\u00e3o Pessoa. J\u00e1 em 2020, at\u00e9 o momento, foram notificadas cinco mortes, tr\u00eas delas na capital e duas no sert\u00e3o do estado.&nbsp;<\/p>\n\n\n\n<p><strong>Coronav\u00edrus \u2013&nbsp;<\/strong>De acordo com o Minist\u00e9rio da Sa\u00fade, a prioriza\u00e7\u00e3o dos idosos nessa primeira etapa, mesmo diante da n\u00e3o efic\u00e1cia da vacina de Influenza contra o coronav\u00edrus, \u00e9 uma forma de auxiliar os profissionais de sa\u00fade a descartarem as influenzas na triagem e acelerarem o diagn\u00f3stico para a Covid 19. Al\u00e9m disso, a pasta considera os estudos e dados que apontam que casos mais graves de infec\u00e7\u00e3o por coronav\u00edrus t\u00eam sido registrados em pessoas acima de 60 anos.<\/p>\n","protected":false},"excerpt":{"rendered":"<p>Come\u00e7a na pr\u00f3xima segunda-feira (23) a 22\u00aa Campanha Nacional de Vacina\u00e7\u00e3o contra Influenza.Ser\u00e3o vacinados, primeiramente, os idosos e os trabalhadores de sa\u00fade que atuam na&hellip; <\/p>\n","protected":false},"author":2,"featured_media":159172,"comment_status":"closed","ping_status":"closed","sticky":false,"template":"","format":"standard","meta":{"sfsi_plus_gutenberg_text_before_share":"","sfsi_plus_gutenberg_show_text_before_share":"","sfsi_plus_gutenberg_icon_type":"","sfsi_plus_gutenberg_icon_alignemt":"","sfsi_plus_gutenburg_max_per_row":"","footnotes":""},"categories":[16],"tags":[],"class_list":["post-159171","post","type-post","status-publish","format-standard","has-post-thumbnail","hentry","category-saude"],"_links":{"self":[{"href":"https:\/\/www.caririemacao.com\/1\/wp-json\/wp\/v2\/posts\/159171","targetHints":{"allow":["GET"]}}],"collection":[{"href":"https:\/\/www.caririemacao.com\/1\/wp-json\/wp\/v2\/posts"}],"about":[{"href":"https:\/\/www.caririemacao.com\/1\/wp-json\/wp\/v2\/types\/post"}],"author":[{"embeddable":true,"href":"https:\/\/www.caririemacao.com\/1\/wp-json\/wp\/v2\/users\/2"}],"replies":[{"embeddable":true,"href":"https:\/\/www.caririemacao.com\/1\/wp-json\/wp\/v2\/comments?post=159171"}],"version-history":[{"count":1,"href":"https:\/\/www.caririemacao.com\/1\/wp-json\/wp\/v2\/posts\/159171\/revisions"}],"predecessor-version":[{"id":159173,"href":"https:\/\/www.caririemacao.com\/1\/wp-json\/wp\/v2\/posts\/159171\/revisions\/159173"}],"wp:featuredmedia":[{"embeddable":true,"href":"https:\/\/www.caririemacao.com\/1\/wp-json\/wp\/v2\/media\/159172"}],"wp:attachment":[{"href":"https:\/\/www.caririemacao.com\/1\/wp-json\/wp\/v2\/media?parent=159171"}],"wp:term":[{"taxonomy":"category","embeddable":true,"href":"https:\/\/www.caririemacao.com\/1\/wp-json\/wp\/v2\/categories?post=159171"},{"taxonomy":"post_tag","embeddable":true,"href":"https:\/\/www.caririemacao.com\/1\/wp-json\/wp\/v2\/tags?post=159171"}],"curies":[{"name":"wp","href":"https:\/\/api.w.org\/{rel}","templated":true}]}}