{"id":159181,"date":"2020-03-20T13:44:46","date_gmt":"2020-03-20T16:44:46","guid":{"rendered":"http:\/\/www.caririemacao.com\/1\/?p=159181"},"modified":"2020-03-20T13:44:47","modified_gmt":"2020-03-20T16:44:47","slug":"amparo-prefeitura-fara-doacao-de-kits-nutricionais-para-alunos-da-rede-municipal-de-ensino","status":"publish","type":"post","link":"https:\/\/www.caririemacao.com\/1\/2020\/03\/20\/amparo-prefeitura-fara-doacao-de-kits-nutricionais-para-alunos-da-rede-municipal-de-ensino\/","title":{"rendered":"Amparo: prefeitura far\u00e1 doa\u00e7\u00e3o de kits nutricionais para alunos da Rede Municipal de Ensino"},"content":{"rendered":"\n<p>A Prefeitura Municipal de Amaparo far\u00e1 distribui\u00e7\u00e3o de kits nutricionais para estudantes da rede municipal de ensino. Tendo em vista a seguran\u00e7a alimentar de mais de 600 estudantes da Rede Municipal de Ensino, que entraram em recesso escolar no dia (19) como medida preventiva para conter a dissemina\u00e7\u00e3o do novo Coronav\u00edrus. <\/p>\n\n\n\n<p>O prefeito In\u00e1cio N\u00f3brega distribuir\u00e1 os kits alimentares para os pais\/respons\u00e1veis dos alunos da Rede Municipal de Ensino e ou para os estudantes de Anos Finais e Educa\u00e7\u00e3o de Jovens e Adultos (EJA) nas Escoolas da Rede. No total, ser\u00e3o distribu\u00eddos mais de 600 kits nutricionais.<\/p>\n\n\n\n<p><br>A suspens\u00e3o das aulas da Rede Municipal de Ensino, com a antecipa\u00e7\u00e3o das f\u00e9rias escolares foi anunciada no \u00faltimo dia 18 de mar\u00e7o de 2020, institu\u00eddo pelo DECRETO N\u00ba004\/2020, como medida preventiva para o Coronav\u00edrus \u2013 COVID 19.<\/p>\n\n\n\n<p><br>A gest\u00e3o Inovando para Crescer, ao suspender as aulas, priorizou a seguran\u00e7a alimentar do corpo estudantil atrav\u00e9s de esquema de log\u00edstica para distribui\u00e7\u00e3o de merenda para crian\u00e7as e jovens. Os kits ser\u00e3o distribu\u00eddos nesta quarta (25), no col\u00e9gio Ildefonso A. da Silva e correspondem ao apoio a alimenta\u00e7\u00e3o. No kit, cont\u00e9m alimentos como cereais, latic\u00ednios, biscoitos, prote\u00ednas e frutas (laranja e banana).<\/p>\n\n\n\n<p><br>&#8220;Essas a\u00e7\u00f5es da Prefeitura s\u00e3o muito importantes tanto para a sa\u00fade como para atender as fam\u00edlias de vulnerabilidade social, ajudando aos pais oferecer uma alimenta\u00e7\u00e3o de qualidade\u201d, disse o prefeito In\u00e1cio N\u00f3brega.<\/p>\n\n\n\n<p><br>Os kits de lanche visam atender as recomenda\u00e7\u00f5es do Fundo Nacional de Desenvolvimento da Educa\u00e7\u00e3o e, ao mesmo tempo, que seja um lanche pr\u00e1tico para que eles possam se alimentar em casa. Os kits cont\u00eam frutas para fortalecer o sistema imunol\u00f3gico das crian\u00e7as, al\u00e9m de prote\u00ednas e carboidratos.<\/p>\n\n\n\n<p><br>Gabinete do Prefeito<\/p>\n","protected":false},"excerpt":{"rendered":"<p>A Prefeitura Municipal de Amaparo far\u00e1 distribui\u00e7\u00e3o de kits nutricionais para estudantes da rede municipal de ensino. Tendo em vista a seguran\u00e7a alimentar de mais&hellip; <\/p>\n","protected":false},"author":1,"featured_media":159184,"comment_status":"closed","ping_status":"closed","sticky":false,"template":"","format":"standard","meta":{"sfsi_plus_gutenberg_text_before_share":"","sfsi_plus_gutenberg_show_text_before_share":"","sfsi_plus_gutenberg_icon_type":"","sfsi_plus_gutenberg_icon_alignemt":"","sfsi_plus_gutenburg_max_per_row":"","footnotes":""},"categories":[6,50],"tags":[],"class_list":["post-159181","post","type-post","status-publish","format-standard","has-post-thumbnail","hentry","category-cidades","category-destaque"],"_links":{"self":[{"href":"https:\/\/www.caririemacao.com\/1\/wp-json\/wp\/v2\/posts\/159181","targetHints":{"allow":["GET"]}}],"collection":[{"href":"https:\/\/www.caririemacao.com\/1\/wp-json\/wp\/v2\/posts"}],"about":[{"href":"https:\/\/www.caririemacao.com\/1\/wp-json\/wp\/v2\/types\/post"}],"author":[{"embeddable":true,"href":"https:\/\/www.caririemacao.com\/1\/wp-json\/wp\/v2\/users\/1"}],"replies":[{"embeddable":true,"href":"https:\/\/www.caririemacao.com\/1\/wp-json\/wp\/v2\/comments?post=159181"}],"version-history":[{"count":1,"href":"https:\/\/www.caririemacao.com\/1\/wp-json\/wp\/v2\/posts\/159181\/revisions"}],"predecessor-version":[{"id":159185,"href":"https:\/\/www.caririemacao.com\/1\/wp-json\/wp\/v2\/posts\/159181\/revisions\/159185"}],"wp:featuredmedia":[{"embeddable":true,"href":"https:\/\/www.caririemacao.com\/1\/wp-json\/wp\/v2\/media\/159184"}],"wp:attachment":[{"href":"https:\/\/www.caririemacao.com\/1\/wp-json\/wp\/v2\/media?parent=159181"}],"wp:term":[{"taxonomy":"category","embeddable":true,"href":"https:\/\/www.caririemacao.com\/1\/wp-json\/wp\/v2\/categories?post=159181"},{"taxonomy":"post_tag","embeddable":true,"href":"https:\/\/www.caririemacao.com\/1\/wp-json\/wp\/v2\/tags?post=159181"}],"curies":[{"name":"wp","href":"https:\/\/api.w.org\/{rel}","templated":true}]}}