{"id":159186,"date":"2020-03-20T13:54:35","date_gmt":"2020-03-20T16:54:35","guid":{"rendered":"http:\/\/www.caririemacao.com\/1\/?p=159186"},"modified":"2020-03-20T13:56:48","modified_gmt":"2020-03-20T16:56:48","slug":"caraubas-prefeito-se-reune-com-secretarios-vereadores-membros-da-igreja-e-decreta-estado-de-emergencia-em-saude-publica","status":"publish","type":"post","link":"https:\/\/www.caririemacao.com\/1\/2020\/03\/20\/caraubas-prefeito-se-reune-com-secretarios-vereadores-membros-da-igreja-e-decreta-estado-de-emergencia-em-saude-publica\/","title":{"rendered":"Cara\u00fabas: prefeito se re\u00fane com equipe e decreta estado de emerg\u00eancia em sa\u00fade p\u00fablica"},"content":{"rendered":"\n<p>O prefeito do munic\u00edpio de Cara\u00fabas. Silvano Dudu, se reuniu na \u00faltima quarta-feira, dia 18 de Mar\u00e7o do corrente a equipe de secret\u00e1rios municipais, vereadores e representante da igreja cat\u00f3lica para coletivamente adotarem medidas de situa\u00e7\u00e3o de emerg\u00eancia em sa\u00fade p\u00fablica ocasionado pela Pandemia do COVID-19.<\/p>\n\n\n\n<p>A reuni\u00e3o foi realizada na sede do Poder Legislativo Municipal e contou com a presen\u00e7a, al\u00e9m do prefeito, de todos os secret\u00e1rios municipais, dos vereadores Nero Soares presidente da C\u00e2mara, da vereadora Neide de Assis, primeira secret\u00e1ria da Casa e do vereador l\u00edder da bancada da situa\u00e7\u00e3o, Teinha da Sa\u00fade, al\u00e9m do senhor Jos\u00e9 Proc\u00f3pio representante da igreja cat\u00f3lica e da assistente social Luzineide da Costa.<\/p>\n\n\n\n<div class=\"wp-block-image\"><figure class=\"alignright\"><img decoding=\"async\" data-src=\"http:\/\/deolhonocariri.com.br\/wp-content\/uploads\/2020\/03\/cara-2.jpg\" alt=\"\" class=\"wp-image-79464 lazyload\" src=\"data:image\/svg+xml;base64,PHN2ZyB3aWR0aD0iMSIgaGVpZ2h0PSIxIiB4bWxucz0iaHR0cDovL3d3dy53My5vcmcvMjAwMC9zdmciPjwvc3ZnPg==\" \/><\/figure><\/div>\n\n\n\n<p>A reuni\u00e3o foi coordenada pelo prefeito Silvano Dudu e pelo secret\u00e1rio da sa\u00fade, Leonardo Eneas de Almeida que apresento em v\u00eddeo os mitos e as verdades sobre o coronav\u00edrus. Depois das informa\u00e7\u00f5es iniciais do secret\u00e1rio da sa\u00fade, o prefeito Silvano Dudu cumprimentou os presentes e falou da import\u00e2ncia da preven\u00e7\u00e3o que todos dever\u00e3o ter a partir de agora com o expans\u00e3o e prolifera\u00e7\u00e3o do v\u00edrus. Precisamos a partir de amanh\u00e3 adotar medidas administrativas para conter o avan\u00e7o da doen\u00e7a e queremos contar com o apoio e a solidariedade de todos, inclusive da sociedade caraubense, afirmou ele.<\/p>\n\n\n\n<p>O momento \u00e9 de preocupa\u00e7\u00e3o mesmo n\u00e3o tendo nenhum registro ou casos suspeitos em nosso munic\u00edpio, disse o prefeito. Precisamos conscientizar nossa popula\u00e7\u00e3o sobre o perigo que estamos expostos e adotar medidas que possam tranquilizar a popula\u00e7\u00e3o, afirmou ele.<\/p>\n\n\n\n<div class=\"wp-block-image\"><figure class=\"alignleft\"><img decoding=\"async\" data-src=\"http:\/\/deolhonocariri.com.br\/wp-content\/uploads\/2020\/03\/90427306_2663177203791386_1697257671062716416_n.jpg\" alt=\"\" class=\"wp-image-79466 lazyload\" src=\"data:image\/svg+xml;base64,PHN2ZyB3aWR0aD0iMSIgaGVpZ2h0PSIxIiB4bWxucz0iaHR0cDovL3d3dy53My5vcmcvMjAwMC9zdmciPjwvc3ZnPg==\" \/><\/figure><\/div>\n\n\n\n<p>Ap\u00f3s a fala do prefeito todos tiveram a palavra para expor sugest\u00f5es e tomadas de decis\u00f5es. O secret\u00e1rio Leonardo Eneas da sa\u00fade falou da import\u00e2ncia de se reduzir o atendimento de pacientes nas unidades da sa\u00fade de forma presencial. S\u00f3 ser\u00e3o atendidos os casos de urg\u00eancia e emerg\u00eancia. N\u00e3o ser\u00e3o permitidas aglomera\u00e7\u00f5es de pessoas nas recep\u00e7\u00f5es das unidades da sa\u00fade, nos casos de pacientes s\u00f3 ser\u00e1 permitida uma pessoa como acompanhante, o atendimento ao p\u00fablico estar\u00e1 restrito apenas a um expediente e o outro ser\u00e1 interno, as pessoas que necessitarem de receitas solicitarem por telefone que um profissional da unidade se encarregar\u00e1 de entregar, as pequenas cirurgias estar\u00e3o suspensas pelo per\u00edodo de vig\u00eancia do decreto, bem como, outras medidas de disponibiliza\u00e7\u00e3o de EPI\u2019s para os profissionais, \u00e1lcool em gel a 70%, bem como, os atendimentos m\u00e9dicos de pacientes que residem fora do munic\u00edpio est\u00e3o suspensos.<\/p>\n\n\n\n<p>Na \u00e1rea da educa\u00e7\u00e3o as escolas entraram em recesso por 30(trinta) dias, j\u00e1 a partir deste dia 19 de Mar\u00e7o e s\u00f3 retornar\u00e3o em 18 de Abril, inclusive em cumprimento as determina\u00e7\u00f5es emanadas do Decreto Estadual onde o munic\u00edpio tamb\u00e9m adotar\u00e1 as mesmas medidas. A secret\u00e1ria da educa\u00e7\u00e3o Rhayanne Fernandes lembras ao pais e respons\u00e1veis que n\u00e3o s\u00e3o f\u00e9rias antecipadas, mesmo tendo a mesma caracter\u00edstica as pessoas devem manter as crian\u00e7as em suas resid\u00eancias. Neste momento precisamos da compreens\u00e3o de todas as fam\u00edlias que evitem aglomera\u00e7\u00f5es e permane\u00e7am neste per\u00edodo em suas resid\u00eancias para evitar o contato com outras pessoas,, disse ela.<\/p>\n\n\n\n<p>A Assist\u00eancia Social tamb\u00e9m suspendeu os servi\u00e7os dos grupos do SCFV \u2013 Servi\u00e7o de Conviv\u00eancia e Fortalecimento de V\u00ednculos para crian\u00e7as, jovens, adultos e idosos, considerados a classe de alto risco de contagio da doen\u00e7a. O atendimento do Programa Bolsa Fam\u00edlia acontecer\u00e1 normalmente com expediente aberto ao p\u00fablico, haja vista que a demanda pequena permitir\u00e1 as restri\u00e7\u00f5es impostas pela legisla\u00e7\u00e3o. Apenas o Programa Crian\u00e7a Feliz dever\u00e1 permanecer funcionando com as visitas domiciliares com restri\u00e7\u00f5es, afirmou Fl\u00e1via Quirino, secret\u00e1ria da pasta.<\/p>\n\n\n\n<p>A igreja cat\u00f3lica seguira determina\u00e7\u00e3o do disposto em Decreto Municipal, bem como, das orienta\u00e7\u00f5es da Diocese quanto as celebra\u00e7\u00f5es e concentra\u00e7\u00e3o de pessoas. O Sr. Jos\u00e9 Proc\u00f3pio falou da import\u00e2ncia da uni\u00e3o de esfor\u00e7os neste momento de todos com o Poder P\u00fablico e a sociedade civil uma vez que \u00e9 algo nunca visto anteriormente, afirmou ele. Precisamos trabalhar muito a nossa popula\u00e7\u00e3o usando a m\u00eddia para que todos se conscientizem dessa Pandemia, pois, muitos n\u00e3o t\u00eam acesso a informa\u00e7\u00e3o e nem tem esclarecimentos necess\u00e1rios sobre o problema, concluiu ele.<\/p>\n\n\n\n<p>O prefeito Silvano Dudu determinou ao setor jur\u00eddico do munic\u00edpio a baixa do Decreto Emergencial para que possamos iniciar essa luta na preven\u00e7\u00e3o de nossa popula\u00e7\u00e3o, para que obtenhamos sucesso e continuemos sem casos suspeitos e registrados, concluiu o prefeito.<\/p>\n\n\n\n<p><em>Com Seplacom<\/em>POR:&nbsp;&nbsp;<a href=\"http:\/\/deolhonocariri.com.br\/author\/klebson\">KLEBSON WANDERLEY<\/a><\/p>\n","protected":false},"excerpt":{"rendered":"<p>O prefeito do munic\u00edpio de Cara\u00fabas. Silvano Dudu, se reuniu na \u00faltima quarta-feira, dia 18 de Mar\u00e7o do corrente a equipe de secret\u00e1rios municipais, vereadores&hellip; <\/p>\n","protected":false},"author":1,"featured_media":159187,"comment_status":"closed","ping_status":"closed","sticky":false,"template":"","format":"standard","meta":{"sfsi_plus_gutenberg_text_before_share":"","sfsi_plus_gutenberg_show_text_before_share":"","sfsi_plus_gutenberg_icon_type":"","sfsi_plus_gutenberg_icon_alignemt":"","sfsi_plus_gutenburg_max_per_row":"","footnotes":""},"categories":[6,50],"tags":[],"class_list":["post-159186","post","type-post","status-publish","format-standard","has-post-thumbnail","hentry","category-cidades","category-destaque"],"_links":{"self":[{"href":"https:\/\/www.caririemacao.com\/1\/wp-json\/wp\/v2\/posts\/159186","targetHints":{"allow":["GET"]}}],"collection":[{"href":"https:\/\/www.caririemacao.com\/1\/wp-json\/wp\/v2\/posts"}],"about":[{"href":"https:\/\/www.caririemacao.com\/1\/wp-json\/wp\/v2\/types\/post"}],"author":[{"embeddable":true,"href":"https:\/\/www.caririemacao.com\/1\/wp-json\/wp\/v2\/users\/1"}],"replies":[{"embeddable":true,"href":"https:\/\/www.caririemacao.com\/1\/wp-json\/wp\/v2\/comments?post=159186"}],"version-history":[{"count":2,"href":"https:\/\/www.caririemacao.com\/1\/wp-json\/wp\/v2\/posts\/159186\/revisions"}],"predecessor-version":[{"id":159189,"href":"https:\/\/www.caririemacao.com\/1\/wp-json\/wp\/v2\/posts\/159186\/revisions\/159189"}],"wp:featuredmedia":[{"embeddable":true,"href":"https:\/\/www.caririemacao.com\/1\/wp-json\/wp\/v2\/media\/159187"}],"wp:attachment":[{"href":"https:\/\/www.caririemacao.com\/1\/wp-json\/wp\/v2\/media?parent=159186"}],"wp:term":[{"taxonomy":"category","embeddable":true,"href":"https:\/\/www.caririemacao.com\/1\/wp-json\/wp\/v2\/categories?post=159186"},{"taxonomy":"post_tag","embeddable":true,"href":"https:\/\/www.caririemacao.com\/1\/wp-json\/wp\/v2\/tags?post=159186"}],"curies":[{"name":"wp","href":"https:\/\/api.w.org\/{rel}","templated":true}]}}