{"id":159197,"date":"2020-03-20T14:08:08","date_gmt":"2020-03-20T17:08:08","guid":{"rendered":"http:\/\/www.caririemacao.com\/1\/?p=159197"},"modified":"2020-03-20T14:08:09","modified_gmt":"2020-03-20T17:08:09","slug":"agencia-dos-correios-de-taperoa-e-novamente-arrombada-por-criminosos","status":"publish","type":"post","link":"https:\/\/www.caririemacao.com\/1\/2020\/03\/20\/agencia-dos-correios-de-taperoa-e-novamente-arrombada-por-criminosos\/","title":{"rendered":"Ag\u00eancia dos Correios de Tapero\u00e1 \u00e9 novamente arrombada por criminosos"},"content":{"rendered":"\n<p>Dois meses depois de ser alvo dos criminosos, a Ag\u00eancia dos Correios e Tel\u00e9grafos da cidade de Tapero\u00e1, Cariri da Para\u00edba, foi novamente arrombada. A a\u00e7\u00e3o criminosa ocorreu na madrugada desta \u00faltima quinta-feira(19).<\/p>\n\n\n\n<p>Segundo informa\u00e7\u00f5es da Pol\u00edcia Militar, ainda n\u00e3o h\u00e1 informa\u00e7\u00f5es de quanto em numer\u00e1rios foi levado da ag\u00eancia banc\u00e1ria.<\/p>\n\n\n\n<p>Na ocorr\u00eancia, a Pol\u00edcia Militar foi acionada, esteve no local, realizou rondas na tentativa de localizar os suspeitos, por\u00e9m, at\u00e9 o momento, ningu\u00e9m foi apreendido.<\/p>\n\n\n\n<p>As investiga\u00e7\u00f5es ficar\u00e3o por conta da Pol\u00edcia Federal.<\/p>\n\n\n\n<p><strong>De Olho no Cariri<\/strong><\/p>\n","protected":false},"excerpt":{"rendered":"<p>Dois meses depois de ser alvo dos criminosos, a Ag\u00eancia dos Correios e Tel\u00e9grafos da cidade de Tapero\u00e1, Cariri da Para\u00edba, foi novamente arrombada. A&hellip; <\/p>\n","protected":false},"author":2,"featured_media":159198,"comment_status":"closed","ping_status":"closed","sticky":false,"template":"","format":"standard","meta":{"sfsi_plus_gutenberg_text_before_share":"","sfsi_plus_gutenberg_show_text_before_share":"","sfsi_plus_gutenberg_icon_type":"","sfsi_plus_gutenberg_icon_alignemt":"","sfsi_plus_gutenburg_max_per_row":"","footnotes":""},"categories":[12],"tags":[],"class_list":["post-159197","post","type-post","status-publish","format-standard","has-post-thumbnail","hentry","category-policia"],"_links":{"self":[{"href":"https:\/\/www.caririemacao.com\/1\/wp-json\/wp\/v2\/posts\/159197","targetHints":{"allow":["GET"]}}],"collection":[{"href":"https:\/\/www.caririemacao.com\/1\/wp-json\/wp\/v2\/posts"}],"about":[{"href":"https:\/\/www.caririemacao.com\/1\/wp-json\/wp\/v2\/types\/post"}],"author":[{"embeddable":true,"href":"https:\/\/www.caririemacao.com\/1\/wp-json\/wp\/v2\/users\/2"}],"replies":[{"embeddable":true,"href":"https:\/\/www.caririemacao.com\/1\/wp-json\/wp\/v2\/comments?post=159197"}],"version-history":[{"count":1,"href":"https:\/\/www.caririemacao.com\/1\/wp-json\/wp\/v2\/posts\/159197\/revisions"}],"predecessor-version":[{"id":159199,"href":"https:\/\/www.caririemacao.com\/1\/wp-json\/wp\/v2\/posts\/159197\/revisions\/159199"}],"wp:featuredmedia":[{"embeddable":true,"href":"https:\/\/www.caririemacao.com\/1\/wp-json\/wp\/v2\/media\/159198"}],"wp:attachment":[{"href":"https:\/\/www.caririemacao.com\/1\/wp-json\/wp\/v2\/media?parent=159197"}],"wp:term":[{"taxonomy":"category","embeddable":true,"href":"https:\/\/www.caririemacao.com\/1\/wp-json\/wp\/v2\/categories?post=159197"},{"taxonomy":"post_tag","embeddable":true,"href":"https:\/\/www.caririemacao.com\/1\/wp-json\/wp\/v2\/tags?post=159197"}],"curies":[{"name":"wp","href":"https:\/\/api.w.org\/{rel}","templated":true}]}}