{"id":159203,"date":"2020-03-20T14:11:02","date_gmt":"2020-03-20T17:11:02","guid":{"rendered":"http:\/\/www.caririemacao.com\/1\/?p=159203"},"modified":"2020-03-20T14:11:04","modified_gmt":"2020-03-20T17:11:04","slug":"area-com-seca-grave-apresenta-reducao-na-paraiba-em-fevereiro-diz-ana","status":"publish","type":"post","link":"https:\/\/www.caririemacao.com\/1\/2020\/03\/20\/area-com-seca-grave-apresenta-reducao-na-paraiba-em-fevereiro-diz-ana\/","title":{"rendered":"\u00c1rea com seca grave apresenta redu\u00e7\u00e3o na Para\u00edba em fevereiro, diz ANA"},"content":{"rendered":"\n<p>A&nbsp;\u00faltima atualiza\u00e7\u00e3o do&nbsp;Monitor de Secas, de fevereiro,&nbsp;aponta que as chuvas em fevereiro na Para\u00edba&nbsp;seguiram o padr\u00e3o da m\u00e9dia hist\u00f3rica com maiores acumulados no oeste paraibano superior a 200mm e menores volumes no leste com predomin\u00e2ncia de 75mm.<\/p>\n\n\n\n<p>No centro-oeste houve chuvas acima da m\u00e9dia com pontos com acumulado de 100mm acima da m\u00e9dia hist\u00f3rica e no centro-leste houve chuvas em torno da m\u00e9dia hist\u00f3rica do m\u00eas. No oeste do estado a seca grave foi reduzida (Sert\u00e3o, Alto Sert\u00e3o Cariri\/Curimata\u00fa) e a seca moderada avan\u00e7ou em dire\u00e7\u00e3o ao litoral. Os impactos s\u00e3o de longo prazo no oeste paraibano, de curto e longo prazos na parte central do estado e de curto prazo no litoral.<\/p>\n\n\n\n<p>Em fevereiro deste ano aconteceram chuvas acumuladas de mais de 200mm em Minas Gerais, Tocantins, Maranh\u00e3o, noroeste do Piau\u00ed, noroeste e sul do Cear\u00e1. J\u00e1 no Esp\u00edrito Santo e leste de Minas foram registrados menos de 100mm. Quanto mais ao leste nordestino, os volumes acumulados foram menores, chegando a 50mm em Alagoas, Bahia e Sergipe. No centro-sul de Minas e no nordeste do Maranh\u00e3o, as chuvas ultrapassaram os 400mm em janeiro. Com as chuvas de fevereiro, a \u00e1rea com seca extrema entre a Bahia e Pernambuco passou a registrar seca grave, um grau abaixo. Assim, fevereiro de 2020 \u00e9 o primeiro m\u00eas de fevereiro desde 2015 a n\u00e3o registrar nenhuma \u00e1rea com seca extrema desde o in\u00edcio do Monitor de Secas.<\/p>\n\n\n\n<p>Com as chuvas de fevereiro, o&nbsp;Monitor de Secas&nbsp;registrou uma redu\u00e7\u00e3o das \u00e1reas com seca na Bahia, Cear\u00e1, Esp\u00edrito Santo, Maranh\u00e3o, Minas Gerais, Piau\u00ed e Rio Grande do Norte. Tamb\u00e9m houve a redu\u00e7\u00e3o da gravidade das secas que acontecem na Bahia, Cear\u00e1, Maranh\u00e3o, Minas Gerais, Para\u00edba, Pernambuco, Piau\u00ed, Rio Grande do Norte, Sergipe e Tocantins. Em Alagoas a extens\u00e3o e a gravidade da seca permanecem semelhantes \u00e0 situa\u00e7\u00e3o registrada pelo Monitor de Secas em janeiro.<\/p>\n\n\n\n<p>O Monitor de Secas tem uma presen\u00e7a cada vez mais nacional, abrangendo os nove estados do Nordeste, Esp\u00edrito Santo, Minas Gerais e Tocantins. Os pr\u00f3ximos estados a se juntarem ao Monitor ser\u00e3o Goi\u00e1s e Rio de Janeiro, que j\u00e1 est\u00e3o em fase de testes e treinamento de pessoal. Esta ferramenta realiza o acompanhamento cont\u00ednuo do grau de severidade das secas no Brasil com base em indicadores de seca e nos impactos causados pelo fen\u00f4meno em curto e\/ou longo prazos.<\/p>\n\n\n\n<p>O Monitor vem sendo utilizado para auxiliar a execu\u00e7\u00e3o de pol\u00edticas p\u00fablicas de combate \u00e0 seca e pode ser acessado tanto no site&nbsp;monitordesecas.ana.gov.br quanto pelo aplicativo Monitor de Secas, dispon\u00edvel gratuitamente para dispositivos Android e iOS.<\/p>\n\n\n\n<p><strong>O Monitor de Secas<\/strong><\/p>\n\n\n\n<p>O Monitor de Secas \u00e9 coordenado pela Ag\u00eancia Nacional de \u00c1guas (ANA), com o apoio da Funda\u00e7\u00e3o Cearense de Meteorologia e Recursos H\u00eddricos (FUNCEME), e desenvolvido conjuntamente com diversas institui\u00e7\u00f5es estaduais e federais ligadas \u00e0s \u00e1reas de clima e recursos h\u00eddricos.&nbsp;Na Para\u00edba, a Ag\u00eancia Executiva de Gest\u00e3o das \u00c1guas do Estado da Para\u00edba (AESA) \u00e9 o \u00f3rg\u00e3o que atua no Monitor de Secas.&nbsp;Por meio da ferramenta \u00e9 poss\u00edvel comparar a evolu\u00e7\u00e3o das secas nos 12 estados a cada m\u00eas vencido.<\/p>\n","protected":false},"excerpt":{"rendered":"<p>A&nbsp;\u00faltima atualiza\u00e7\u00e3o do&nbsp;Monitor de Secas, de fevereiro,&nbsp;aponta que as chuvas em fevereiro na Para\u00edba&nbsp;seguiram o padr\u00e3o da m\u00e9dia hist\u00f3rica com maiores acumulados no oeste paraibano&hellip; <\/p>\n","protected":false},"author":2,"featured_media":159204,"comment_status":"closed","ping_status":"closed","sticky":false,"template":"","format":"standard","meta":{"sfsi_plus_gutenberg_text_before_share":"","sfsi_plus_gutenberg_show_text_before_share":"","sfsi_plus_gutenberg_icon_type":"","sfsi_plus_gutenberg_icon_alignemt":"","sfsi_plus_gutenburg_max_per_row":"","footnotes":""},"categories":[6],"tags":[],"class_list":["post-159203","post","type-post","status-publish","format-standard","has-post-thumbnail","hentry","category-cidades"],"_links":{"self":[{"href":"https:\/\/www.caririemacao.com\/1\/wp-json\/wp\/v2\/posts\/159203","targetHints":{"allow":["GET"]}}],"collection":[{"href":"https:\/\/www.caririemacao.com\/1\/wp-json\/wp\/v2\/posts"}],"about":[{"href":"https:\/\/www.caririemacao.com\/1\/wp-json\/wp\/v2\/types\/post"}],"author":[{"embeddable":true,"href":"https:\/\/www.caririemacao.com\/1\/wp-json\/wp\/v2\/users\/2"}],"replies":[{"embeddable":true,"href":"https:\/\/www.caririemacao.com\/1\/wp-json\/wp\/v2\/comments?post=159203"}],"version-history":[{"count":1,"href":"https:\/\/www.caririemacao.com\/1\/wp-json\/wp\/v2\/posts\/159203\/revisions"}],"predecessor-version":[{"id":159205,"href":"https:\/\/www.caririemacao.com\/1\/wp-json\/wp\/v2\/posts\/159203\/revisions\/159205"}],"wp:featuredmedia":[{"embeddable":true,"href":"https:\/\/www.caririemacao.com\/1\/wp-json\/wp\/v2\/media\/159204"}],"wp:attachment":[{"href":"https:\/\/www.caririemacao.com\/1\/wp-json\/wp\/v2\/media?parent=159203"}],"wp:term":[{"taxonomy":"category","embeddable":true,"href":"https:\/\/www.caririemacao.com\/1\/wp-json\/wp\/v2\/categories?post=159203"},{"taxonomy":"post_tag","embeddable":true,"href":"https:\/\/www.caririemacao.com\/1\/wp-json\/wp\/v2\/tags?post=159203"}],"curies":[{"name":"wp","href":"https:\/\/api.w.org\/{rel}","templated":true}]}}