{"id":159207,"date":"2020-03-20T14:32:40","date_gmt":"2020-03-20T17:32:40","guid":{"rendered":"http:\/\/www.caririemacao.com\/1\/?p=159207"},"modified":"2020-03-20T14:44:25","modified_gmt":"2020-03-20T17:44:25","slug":"camalau-ganha-duas-retroescavadeiras-para-o-homem-do-campo","status":"publish","type":"post","link":"https:\/\/www.caririemacao.com\/1\/2020\/03\/20\/camalau-ganha-duas-retroescavadeiras-para-o-homem-do-campo\/","title":{"rendered":"Camala\u00fa ganha duas retroescavadeiras, para auxiliar o homem do campo"},"content":{"rendered":"\n<p>O prefeito de Camala\u00fa, Sandro M\u00f4co, compartilhou na manh\u00e3 desta sexta-feira (20) em sua rede social, fotos e v\u00eddeos mostrando a chegada de duas retroescavadeiras, que s\u00e3o fruto da emenda do Deputado Federal, Pedro Cunha Lima. <\/p>\n\n\n\n<figure class=\"wp-block-image size-large\"><img fetchpriority=\"high\" decoding=\"async\" width=\"960\" height=\"960\" src=\"http:\/\/www.caririemacao.com\/1\/wp-content\/uploads\/2020\/03\/sandromococamalau_20200320_2.jpg\" alt=\"\" class=\"wp-image-159222\" srcset=\"https:\/\/www.caririemacao.com\/1\/wp-content\/uploads\/2020\/03\/sandromococamalau_20200320_2.jpg 960w, https:\/\/www.caririemacao.com\/1\/wp-content\/uploads\/2020\/03\/sandromococamalau_20200320_2-300x300.jpg 300w, https:\/\/www.caririemacao.com\/1\/wp-content\/uploads\/2020\/03\/sandromococamalau_20200320_2-150x150.jpg 150w, https:\/\/www.caririemacao.com\/1\/wp-content\/uploads\/2020\/03\/sandromococamalau_20200320_2-768x768.jpg 768w\" sizes=\"(max-width: 960px) 100vw, 960px\" \/><\/figure>\n\n\n\n<figure class=\"wp-block-image size-large\"><img decoding=\"async\" width=\"1024\" height=\"576\" data-src=\"http:\/\/www.caririemacao.com\/1\/wp-content\/uploads\/2020\/03\/viceprefeitokiel_20200320_5-1024x576.jpg\" alt=\"\" class=\"wp-image-159225 lazyload\" data-srcset=\"https:\/\/www.caririemacao.com\/1\/wp-content\/uploads\/2020\/03\/viceprefeitokiel_20200320_5-1024x576.jpg 1024w, https:\/\/www.caririemacao.com\/1\/wp-content\/uploads\/2020\/03\/viceprefeitokiel_20200320_5-300x169.jpg 300w, https:\/\/www.caririemacao.com\/1\/wp-content\/uploads\/2020\/03\/viceprefeitokiel_20200320_5-768x432.jpg 768w, https:\/\/www.caririemacao.com\/1\/wp-content\/uploads\/2020\/03\/viceprefeitokiel_20200320_5.jpg 1032w\" data-sizes=\"(max-width: 1024px) 100vw, 1024px\" src=\"data:image\/svg+xml;base64,PHN2ZyB3aWR0aD0iMSIgaGVpZ2h0PSIxIiB4bWxucz0iaHR0cDovL3d3dy53My5vcmcvMjAwMC9zdmciPjwvc3ZnPg==\" style=\"--smush-placeholder-width: 1024px; --smush-placeholder-aspect-ratio: 1024\/576;\" \/><\/figure>\n\n\n\n<p>&#8220;Essas m\u00e1quinas ir\u00e3o melhorar ainda mais o apoio que nossa administra\u00e7\u00e3o j\u00e1 tem dado ao homem do campo! Facilitando assim, a sua perman\u00eancia na zona rural&#8221;, disse o prefeito. <\/p>\n\n\n\n<p>O vice-prefeito Ezequiel (Kiel) tamb\u00e9m se pronunciou em sua rede: &#8220;todos n\u00f3s somos presenteados em grande estilo com o refor\u00e7o da nossa tropa mecaniza, fruto do empenho e dica\u00e7\u00e3o do nosso prefeito Sandro M\u00f4co, e do nosso Deputado Federal, Pedro Cunha Lima&#8221;. <\/p>\n\n\n\n<figure class=\"wp-block-image size-large\"><img decoding=\"async\" width=\"1024\" height=\"576\" data-src=\"http:\/\/www.caririemacao.com\/1\/wp-content\/uploads\/2020\/03\/viceprefeitokiel_20200320_6-1-1024x576.jpg\" alt=\"\" class=\"wp-image-159228 lazyload\" data-srcset=\"https:\/\/www.caririemacao.com\/1\/wp-content\/uploads\/2020\/03\/viceprefeitokiel_20200320_6-1-1024x576.jpg 1024w, https:\/\/www.caririemacao.com\/1\/wp-content\/uploads\/2020\/03\/viceprefeitokiel_20200320_6-1-300x169.jpg 300w, https:\/\/www.caririemacao.com\/1\/wp-content\/uploads\/2020\/03\/viceprefeitokiel_20200320_6-1-768x432.jpg 768w, https:\/\/www.caririemacao.com\/1\/wp-content\/uploads\/2020\/03\/viceprefeitokiel_20200320_6-1.jpg 1080w\" data-sizes=\"(max-width: 1024px) 100vw, 1024px\" src=\"data:image\/svg+xml;base64,PHN2ZyB3aWR0aD0iMSIgaGVpZ2h0PSIxIiB4bWxucz0iaHR0cDovL3d3dy53My5vcmcvMjAwMC9zdmciPjwvc3ZnPg==\" style=\"--smush-placeholder-width: 1024px; --smush-placeholder-aspect-ratio: 1024\/576;\" \/><\/figure>\n","protected":false},"excerpt":{"rendered":"<p>O prefeito de Camala\u00fa, Sandro M\u00f4co, compartilhou na manh\u00e3 desta sexta-feira (20) em sua rede social, fotos e v\u00eddeos mostrando a chegada de duas retroescavadeiras,&hellip; <\/p>\n","protected":false},"author":1,"featured_media":159221,"comment_status":"closed","ping_status":"closed","sticky":false,"template":"","format":"standard","meta":{"sfsi_plus_gutenberg_text_before_share":"","sfsi_plus_gutenberg_show_text_before_share":"","sfsi_plus_gutenberg_icon_type":"","sfsi_plus_gutenberg_icon_alignemt":"","sfsi_plus_gutenburg_max_per_row":"","footnotes":""},"categories":[6,50],"tags":[],"class_list":["post-159207","post","type-post","status-publish","format-standard","has-post-thumbnail","hentry","category-cidades","category-destaque"],"_links":{"self":[{"href":"https:\/\/www.caririemacao.com\/1\/wp-json\/wp\/v2\/posts\/159207","targetHints":{"allow":["GET"]}}],"collection":[{"href":"https:\/\/www.caririemacao.com\/1\/wp-json\/wp\/v2\/posts"}],"about":[{"href":"https:\/\/www.caririemacao.com\/1\/wp-json\/wp\/v2\/types\/post"}],"author":[{"embeddable":true,"href":"https:\/\/www.caririemacao.com\/1\/wp-json\/wp\/v2\/users\/1"}],"replies":[{"embeddable":true,"href":"https:\/\/www.caririemacao.com\/1\/wp-json\/wp\/v2\/comments?post=159207"}],"version-history":[{"count":6,"href":"https:\/\/www.caririemacao.com\/1\/wp-json\/wp\/v2\/posts\/159207\/revisions"}],"predecessor-version":[{"id":159232,"href":"https:\/\/www.caririemacao.com\/1\/wp-json\/wp\/v2\/posts\/159207\/revisions\/159232"}],"wp:featuredmedia":[{"embeddable":true,"href":"https:\/\/www.caririemacao.com\/1\/wp-json\/wp\/v2\/media\/159221"}],"wp:attachment":[{"href":"https:\/\/www.caririemacao.com\/1\/wp-json\/wp\/v2\/media?parent=159207"}],"wp:term":[{"taxonomy":"category","embeddable":true,"href":"https:\/\/www.caririemacao.com\/1\/wp-json\/wp\/v2\/categories?post=159207"},{"taxonomy":"post_tag","embeddable":true,"href":"https:\/\/www.caririemacao.com\/1\/wp-json\/wp\/v2\/tags?post=159207"}],"curies":[{"name":"wp","href":"https:\/\/api.w.org\/{rel}","templated":true}]}}