{"id":159209,"date":"2020-03-20T14:18:58","date_gmt":"2020-03-20T17:18:58","guid":{"rendered":"http:\/\/www.caririemacao.com\/1\/?p=159209"},"modified":"2020-03-20T14:19:00","modified_gmt":"2020-03-20T17:19:00","slug":"famup-recomenda-fechamento-de-estabelecimentos-e-ajuda-da-forca-policial-para-quem-nao-respeitar-quarentena","status":"publish","type":"post","link":"https:\/\/www.caririemacao.com\/1\/2020\/03\/20\/famup-recomenda-fechamento-de-estabelecimentos-e-ajuda-da-forca-policial-para-quem-nao-respeitar-quarentena\/","title":{"rendered":"Famup recomenda fechamento de estabelecimentos e ajuda da for\u00e7a policial para quem n\u00e3o respeitar quarentena"},"content":{"rendered":"\n<figure class=\"wp-block-image\"><img decoding=\"async\" data-src=\"http:\/\/www.blogdobrunolira.com.br\/wp-content\/uploads\/2020\/03\/unnamed-2.jpg\" alt=\"\" src=\"data:image\/svg+xml;base64,PHN2ZyB3aWR0aD0iMSIgaGVpZ2h0PSIxIiB4bWxucz0iaHR0cDovL3d3dy53My5vcmcvMjAwMC9zdmciPjwvc3ZnPg==\" class=\"lazyload\" \/><\/figure>\n\n\n\n<p>A Federa\u00e7\u00e3o das Associa\u00e7\u00f5es de Munic\u00edpios da Para\u00edba (Famup) fez, nesta sexta-feira (20), novas recomenda\u00e7\u00f5es aos prefeitos para adotarem medidas restritivas necess\u00e1rias diante do grave panorama que se instala por conta da propaga\u00e7\u00e3o do coronav\u00edrus. Entre as orienta\u00e7\u00f5es est\u00e1 a determina\u00e7\u00e3o de fechamento de todos os servi\u00e7os como: sal\u00f5es de beleza e correlatos, clubes sociais, shopping centers, hot\u00e9is, mot\u00e9is e pousadas, bares, restaurantes e lanchonetes; al\u00e9m de solicita\u00e7\u00e3o da for\u00e7a policial para quem n\u00e3o respeitar a quarentena.<\/p>\n\n\n\n<p>De acordo com as recomenda\u00e7\u00f5es da Famup, os bares, restaurantes e lanchonetes poder\u00e3o funcionar apenas para entregas. Ou seja, manter abertos apenas os servi\u00e7os essenciais a exemplo de: farm\u00e1cias, supermercados, panificadoras e servi\u00e7os de sa\u00fade, mas com redu\u00e7\u00e3o de hor\u00e1rio de atendimento. Dentro das recomenda\u00e7\u00f5es est\u00e1 tamb\u00e9m a suspens\u00e3o de todas as feiras de animais; al\u00e9m de adotar medidas em feiras livres.<\/p>\n\n\n\n<p>Tamb\u00e9m fica a orienta\u00e7\u00e3o para que os prefeitos determinem a restri\u00e7\u00e3o do atendimento em Unidades de Sa\u00fade da Fam\u00edlia para casos de urg\u00eancia, com o objetivo de reduzir a aglomera\u00e7\u00e3o de pessoas; suspender o atendimento odontol\u00f3gico de rotina nas Unidades de Sa\u00fade; realizar vacina\u00e7\u00e3o domiciliar das pessoas em grupo de risco e idosos; proibir visitas a pacientes que estejam internados; e disponibilizar atendimento via telefone para tirar d\u00favidas sobre o coronav\u00edrus.<\/p>\n\n\n\n<p>Fica recomendado ainda a solicita\u00e7\u00e3o de apoio policial e da popula\u00e7\u00e3o para identificar as pessoas que chegaram ao munic\u00edpio atrav\u00e9s de \u00f4nibus clandestinos ou carros particulares; pedir apoio da for\u00e7a policial em caso de descumprimento da quarentena; disponibilizar um telefone para que a popula\u00e7\u00e3o repasse informa\u00e7\u00f5es das pessoas que chegaram de outros estados; e utilizar carros de som para levar informa\u00e7\u00f5es \u00e0 popula\u00e7\u00e3o, evitando distribui\u00e7\u00e3o de material impresso que pode estar contaminado.<\/p>\n\n\n\n<p>O presidente da Famup, George Coelho, lembra que a experi\u00eancia tem mostrado que todos os lugares do mundo onde est\u00e3o conseguindo reverter a escalada da pandemia pelo coronav\u00edrus, realizam o isolamento social, diminuindo, consideravelmente, o n\u00famero de pessoas nas ruas. \u201cEntendemos o grande impacto socioecon\u00f4mico na vida de todos, mas devemos adotar medidas severas para que em um breve futuro, possamos retomar as nossas atividades dentro da normalidade. Pedimos que cada munic\u00edpio adote as recomenda\u00e7\u00f5es que julgar necess\u00e1rio de acordo com a sua realidade e necessidade\u201d, destacou o presidente.<\/p>\n\n\n\n<p><a href=\"https:\/\/famup.us10.list-manage.com\/track\/click?u=30e7ea6c9643890360a8e3247&amp;id=7d35508529&amp;e=f282cbeee7\" target=\"_blank\" rel=\"noreferrer noopener\"><strong>Confira o documento na \u00edntegra<\/strong><\/a><\/p>\n","protected":false},"excerpt":{"rendered":"<p>A Federa\u00e7\u00e3o das Associa\u00e7\u00f5es de Munic\u00edpios da Para\u00edba (Famup) fez, nesta sexta-feira (20), novas recomenda\u00e7\u00f5es aos prefeitos para adotarem medidas restritivas necess\u00e1rias diante do grave&hellip; <\/p>\n","protected":false},"author":2,"featured_media":37032,"comment_status":"closed","ping_status":"closed","sticky":false,"template":"","format":"standard","meta":{"sfsi_plus_gutenberg_text_before_share":"","sfsi_plus_gutenberg_show_text_before_share":"","sfsi_plus_gutenberg_icon_type":"","sfsi_plus_gutenberg_icon_alignemt":"","sfsi_plus_gutenburg_max_per_row":"","footnotes":""},"categories":[6],"tags":[],"class_list":["post-159209","post","type-post","status-publish","format-standard","has-post-thumbnail","hentry","category-cidades"],"_links":{"self":[{"href":"https:\/\/www.caririemacao.com\/1\/wp-json\/wp\/v2\/posts\/159209","targetHints":{"allow":["GET"]}}],"collection":[{"href":"https:\/\/www.caririemacao.com\/1\/wp-json\/wp\/v2\/posts"}],"about":[{"href":"https:\/\/www.caririemacao.com\/1\/wp-json\/wp\/v2\/types\/post"}],"author":[{"embeddable":true,"href":"https:\/\/www.caririemacao.com\/1\/wp-json\/wp\/v2\/users\/2"}],"replies":[{"embeddable":true,"href":"https:\/\/www.caririemacao.com\/1\/wp-json\/wp\/v2\/comments?post=159209"}],"version-history":[{"count":1,"href":"https:\/\/www.caririemacao.com\/1\/wp-json\/wp\/v2\/posts\/159209\/revisions"}],"predecessor-version":[{"id":159210,"href":"https:\/\/www.caririemacao.com\/1\/wp-json\/wp\/v2\/posts\/159209\/revisions\/159210"}],"wp:featuredmedia":[{"embeddable":true,"href":"https:\/\/www.caririemacao.com\/1\/wp-json\/wp\/v2\/media\/37032"}],"wp:attachment":[{"href":"https:\/\/www.caririemacao.com\/1\/wp-json\/wp\/v2\/media?parent=159209"}],"wp:term":[{"taxonomy":"category","embeddable":true,"href":"https:\/\/www.caririemacao.com\/1\/wp-json\/wp\/v2\/categories?post=159209"},{"taxonomy":"post_tag","embeddable":true,"href":"https:\/\/www.caririemacao.com\/1\/wp-json\/wp\/v2\/tags?post=159209"}],"curies":[{"name":"wp","href":"https:\/\/api.w.org\/{rel}","templated":true}]}}