{"id":159212,"date":"2020-03-20T14:20:37","date_gmt":"2020-03-20T17:20:37","guid":{"rendered":"http:\/\/www.caririemacao.com\/1\/?p=159212"},"modified":"2020-03-20T14:20:38","modified_gmt":"2020-03-20T17:20:38","slug":"aumenta-numero-de-pessoas-com-coronavirus-que-tiveram-contato-com-bolsonaro","status":"publish","type":"post","link":"https:\/\/www.caririemacao.com\/1\/2020\/03\/20\/aumenta-numero-de-pessoas-com-coronavirus-que-tiveram-contato-com-bolsonaro\/","title":{"rendered":"Aumenta n\u00famero de pessoas com coronav\u00edrus que tiveram contato com Bolsonaro"},"content":{"rendered":"\n<p>O presidente Jair Bolsonaro afirmou nesta sexta-feira (20) que h\u00e1 mais quatro casos confirmados de coronav\u00edrus entre seus assessores que estavam na comitiva que viajou com ele para os Estados Unidos.<\/p>\n\n\n\n<p>Em entrevista na frente do Pal\u00e1cio da Alvorada, Bolsonaro confirmou que apresentaram resultado positivo para Covid-19 os exames de seu ajudante de ordens, Major Cid, do assessor internacional da Presid\u00eancia, Filipe Martins, do diretor do Departamento de Seguran\u00e7a Presidencial, coronel Suarez, e do chefe do Cerimonial, Carlos Fran\u00e7a.<\/p>\n\n\n\n<p>Com isso, sobe para 23 o n\u00famero de pessoas que estiveram com o presidente nos Estados Unidos na viagem no in\u00edcio de mar\u00e7o.<\/p>\n\n\n\n<p>Apesar de ter tido contato com essas pessoas, Bolsonaro afirmou que manter\u00e1 sua rotina de trabalho no Pal\u00e1cio do Planalto, e que pode fazer novos testes.<\/p>\n\n\n\n<p>\u201cFiz dois testes. Talvez fa\u00e7a mais um porque eu sou uma pessoa que tenho contato com muita gente. Talvez receba orienta\u00e7\u00e3o m\u00e9dica.\u201d<\/p>\n\n\n\n<p>Na noite desta quinta-feira (19), o presidente da Apex (Ag\u00eancia Brasileira de Promo\u00e7\u00e3o de Exporta\u00e7\u00f5es), Sergio Segovia, recebeu teste positivo para o novo coronav\u00edrus, informou sua assessoria.<\/p>\n\n\n\n<p>Segovia realizou um primeiro exame no \u00faltimo dia 13, que n\u00e3o detectou o v\u00edrus. Seguindo o protocolo, fez uma segunda an\u00e1lise na quarta-feira (18), que confirmou a infec\u00e7\u00e3o.<\/p>\n\n\n\n<p>Apesar de ter feito parte da comitiva que acompanhou Bolsonaro aos EUA, Segovia n\u00e3o viajou com ele no avi\u00e3o presidencial.<\/p>\n\n\n\n<p>Dois ministros do governo j\u00e1 receberam teste positivo para o novo coronav\u00edrus: o general Augusto Heleno (Gabinete de Seguran\u00e7a Institucional) e Bento Albuquerque (Minas e Energia).<\/p>\n\n\n\n<p>Nesta sexta, Bolsonaro lamentou estar afastado de Heleno, isolado por causa da doen\u00e7a.<\/p>\n\n\n\n<p>\u201cEstou chateado, o maior conselheiro meu, general Heleno est\u00e1 em casa. Mas a gente supera isso a\u00ed. \u00c9 melhor estar do meu lado do que falar pelo telefone. Estamos fazendo nossa parte.\u201d<\/p>\n\n\n\n<p>A assessoria do deputado federal Daniel Freitas (PSL-SC) confirmou o diagn\u00f3stico do parlamentar na ter\u00e7a-feira (17).<\/p>\n\n\n\n<p>Freitas come\u00e7ou a apresentar sintomas no \u00faltimo fim de semana e permanecer\u00e1 em quarentena em Bras\u00edlia.<\/p>\n\n\n\n<p>Na segunda-feira (16) j\u00e1 haviam sido diagnosticados o presidente da Federa\u00e7\u00e3o das Ind\u00fastrias de Minas Gerais, Fl\u00e1vio Roscoe, e o secret\u00e1rio especial de Com\u00e9rcio Exterior, Marcos Troyjo.<\/p>\n\n\n\n<p>Roscoe diz ter conversado com Bolsonaro em Miami e almo\u00e7ado com ele, mas n\u00e3o na mesma mesa.<\/p>\n\n\n\n<p>Troyjo n\u00e3o apresentava sintomas e trabalhava de casa em isolamento, segundo nota do Minist\u00e9rio da Economia.<\/p>\n\n\n\n<p>Outro integrante da comitiva, o presidente da CNI (Confedera\u00e7\u00e3o Nacional da Ind\u00fastria), Robson Braga de Andrade, teve o diagn\u00f3stico confirmado na segunda-feira.<\/p>\n\n\n\n<p>O Gabinete de Seguran\u00e7a Institucional da Presid\u00eancia havia informado no domingo (15) que quatro membros da equipe que serviu de apoio \u00e0 viagem de Bolsonaro a Miami est\u00e3o infectadas com o novo coronav\u00edrus.<\/p>\n\n\n\n<p>Tamb\u00e9m no domingo, o publicit\u00e1rio S\u00e9rgio Lima, respons\u00e1vel pela comunica\u00e7\u00e3o da Alian\u00e7a pelo Brasil, partido que Bolsonaro quer criar, informou que est\u00e1 com o coronav\u00edrus.<\/p>\n\n\n\n<p>A Folha confirmou que ele esteve com a comitiva do presidente nos Estados Unidos, na semana passada.<\/p>\n\n\n\n<p>Al\u00e9m de Lima, ao menos outras seis pessoas que estiveram pr\u00f3ximas a Bolsonaro durante viagem aos EUA, na semana passada, est\u00e3o infectadas com o novo coronav\u00edrus.<\/p>\n\n\n\n<p>Um deles \u00e9 o de um empres\u00e1rio que estava no grupo que acompanhou a visita do presidente aos EUA. Ele preferiu n\u00e3o se identificar.<\/p>\n\n\n\n<p>Tr\u00eas outros casos s\u00e3o de integrantes da comitiva oficial de Bolsonaro na viagem \u00e0 Fl\u00f3rida. Anunciaram que contra\u00edram a doen\u00e7a o chefe da Secom (Secretaria Especial de Comunica\u00e7\u00e3o Social), Fabio Wajngarten, o senador Nelsinho Trad (PSD-MS) e o diplomata Nestor Forster, indicado para o cargo de embaixador do Brasil em Washington.<\/p>\n\n\n\n<p>A advogada Karina Kufa, tesoureira do Alian\u00e7a pelo Brasil, disse que seu exame deu positivo. Ela est\u00e1 em isolamento e, pelas redes sociais, tem atualizado seu estado de sa\u00fade.<\/p>\n\n\n\n<p>\u201cHoje acordei bem melhor, os sintomas praticamente sumiriam. At\u00e9 agora n\u00e3o tive febre e falta de ar, que s\u00e3o os fatores de alerta\u201d, escreveu a advogada no \u00faltimo dia 14.<\/p>\n\n\n\n<p>Entre os anfitri\u00f5es, o prefeito de Miami, Francis Suarez, anunciou no dia 13 ter recebido o diagn\u00f3stico positivo para o novo coronav\u00edrus. Ele participou de evento com Bolsonaro e sua comitiva no dia 9.<\/p>\n\n\n\n<p>A Folha tamb\u00e9m confirmou que o n\u00famero 2 da Secom, Samy Liberman, teve resultado positivo para o novo coronav\u00edrus.<\/p>\n\n\n\n<p>Ele compareceu ao Planalto na \u00faltima semana, ao regressar da viagem, o que gerou reclama\u00e7\u00e3o e desconforto de funcion\u00e1rios da Presid\u00eancia.<\/p>\n\n\n\n<p>Questionada formalmente, a Secom n\u00e3o quis comentar o resultado do exame de Liberman.<\/p>\n\n\n\n<p>A confirma\u00e7\u00e3o de que pessoas que viajaram com o presidente est\u00e3o infectadas levou \u00e0 dispensa de diversos funcion\u00e1rios do Planalto.<\/p>\n\n\n\n<p>Segundo relatos feitos \u00e0 Folha, os militares que trabalham na Presid\u00eancia est\u00e3o incomodados com o comportamento de Wajngarten, considerado irrespons\u00e1vel, por ele ter dito em transmiss\u00e3o ao vivo no dia 14 que j\u00e1 estava doente quando embarcou no voo de volta ao Brasil.<\/p>\n","protected":false},"excerpt":{"rendered":"<p>O presidente Jair Bolsonaro afirmou nesta sexta-feira (20) que h\u00e1 mais quatro casos confirmados de coronav\u00edrus entre seus assessores que estavam na comitiva que viajou&hellip; <\/p>\n","protected":false},"author":2,"featured_media":159213,"comment_status":"closed","ping_status":"closed","sticky":false,"template":"","format":"standard","meta":{"sfsi_plus_gutenberg_text_before_share":"","sfsi_plus_gutenberg_show_text_before_share":"","sfsi_plus_gutenberg_icon_type":"","sfsi_plus_gutenberg_icon_alignemt":"","sfsi_plus_gutenburg_max_per_row":"","footnotes":""},"categories":[11],"tags":[],"class_list":["post-159212","post","type-post","status-publish","format-standard","has-post-thumbnail","hentry","category-politica"],"_links":{"self":[{"href":"https:\/\/www.caririemacao.com\/1\/wp-json\/wp\/v2\/posts\/159212","targetHints":{"allow":["GET"]}}],"collection":[{"href":"https:\/\/www.caririemacao.com\/1\/wp-json\/wp\/v2\/posts"}],"about":[{"href":"https:\/\/www.caririemacao.com\/1\/wp-json\/wp\/v2\/types\/post"}],"author":[{"embeddable":true,"href":"https:\/\/www.caririemacao.com\/1\/wp-json\/wp\/v2\/users\/2"}],"replies":[{"embeddable":true,"href":"https:\/\/www.caririemacao.com\/1\/wp-json\/wp\/v2\/comments?post=159212"}],"version-history":[{"count":1,"href":"https:\/\/www.caririemacao.com\/1\/wp-json\/wp\/v2\/posts\/159212\/revisions"}],"predecessor-version":[{"id":159214,"href":"https:\/\/www.caririemacao.com\/1\/wp-json\/wp\/v2\/posts\/159212\/revisions\/159214"}],"wp:featuredmedia":[{"embeddable":true,"href":"https:\/\/www.caririemacao.com\/1\/wp-json\/wp\/v2\/media\/159213"}],"wp:attachment":[{"href":"https:\/\/www.caririemacao.com\/1\/wp-json\/wp\/v2\/media?parent=159212"}],"wp:term":[{"taxonomy":"category","embeddable":true,"href":"https:\/\/www.caririemacao.com\/1\/wp-json\/wp\/v2\/categories?post=159212"},{"taxonomy":"post_tag","embeddable":true,"href":"https:\/\/www.caririemacao.com\/1\/wp-json\/wp\/v2\/tags?post=159212"}],"curies":[{"name":"wp","href":"https:\/\/api.w.org\/{rel}","templated":true}]}}