{"id":159233,"date":"2020-03-20T15:19:08","date_gmt":"2020-03-20T18:19:08","guid":{"rendered":"http:\/\/www.caririemacao.com\/1\/?p=159233"},"modified":"2020-03-20T15:19:10","modified_gmt":"2020-03-20T18:19:10","slug":"serra-branca-investiga-suspeita-de-1-caso-de-coronavirus-no-cariri","status":"publish","type":"post","link":"https:\/\/www.caririemacao.com\/1\/2020\/03\/20\/serra-branca-investiga-suspeita-de-1-caso-de-coronavirus-no-cariri\/","title":{"rendered":"Serra Branca investiga suspeita de 1\u00b0 caso de coronav\u00edrus no Cariri"},"content":{"rendered":"\n<p>O prefeito do munic\u00edpio de Serra Branca, Vicente Fialho (Souzinha), confirmou aos ouvintes da emissora, durante o programa do Jornal do Meio-dia da Serra Branca FM, nesta sexta-feira(20). Que existe uma suspeita do primeiro caso do Covid-19 (novo coronav\u00edrus) no munic\u00edpio de Serra Branca.<\/p>\n\n\n\n<p>O caso de suspeita do covid-19 trata-se de um serra-branquense que viajou \u00e0 Recife e voltou para a cidade caririzeira j\u00e1 apresentando alguns sintomas da doen\u00e7a, como problemas respirat\u00f3rios e febre. O serra-branquense se dirigiu at\u00e9 o Hospital Geral de Serra Branca e de pronto, a equipe m\u00e9dica pediu que ele voltasse para casa e ficasse em total isolamento.<\/p>\n\n\n\n<p>O serra-branquense est\u00e1 sendo totalmente acompanhado e recebendo os cuidados por profissionais da sa\u00fade do munic\u00edpio e nesta sexta-feira ele estar\u00e1 fazendo o teste do covid-19, que ser\u00e1 encaminhado para a cidade de Jo\u00e3o Pessoa para um laborat\u00f3rio que far\u00e1 a an\u00e1lise minuciosa do exame, para se checar se o caso dar\u00e1 positivo ou n\u00e3o para o Coronav\u00edrus.<\/p>\n\n\n\n<p><strong>De Olho no Cariri<\/strong>POR:&nbsp;&nbsp;<a href=\"http:\/\/deolhonocariri.com.br\/author\/klebson\">KLEBSON WANDERLEY<\/a><\/p>\n","protected":false},"excerpt":{"rendered":"<p>O prefeito do munic\u00edpio de Serra Branca, Vicente Fialho (Souzinha), confirmou aos ouvintes da emissora, durante o programa do Jornal do Meio-dia da Serra Branca&hellip; <\/p>\n","protected":false},"author":1,"featured_media":157594,"comment_status":"closed","ping_status":"closed","sticky":false,"template":"","format":"standard","meta":{"sfsi_plus_gutenberg_text_before_share":"","sfsi_plus_gutenberg_show_text_before_share":"","sfsi_plus_gutenberg_icon_type":"","sfsi_plus_gutenberg_icon_alignemt":"","sfsi_plus_gutenburg_max_per_row":"","footnotes":""},"categories":[6,50],"tags":[],"class_list":["post-159233","post","type-post","status-publish","format-standard","has-post-thumbnail","hentry","category-cidades","category-destaque"],"_links":{"self":[{"href":"https:\/\/www.caririemacao.com\/1\/wp-json\/wp\/v2\/posts\/159233","targetHints":{"allow":["GET"]}}],"collection":[{"href":"https:\/\/www.caririemacao.com\/1\/wp-json\/wp\/v2\/posts"}],"about":[{"href":"https:\/\/www.caririemacao.com\/1\/wp-json\/wp\/v2\/types\/post"}],"author":[{"embeddable":true,"href":"https:\/\/www.caririemacao.com\/1\/wp-json\/wp\/v2\/users\/1"}],"replies":[{"embeddable":true,"href":"https:\/\/www.caririemacao.com\/1\/wp-json\/wp\/v2\/comments?post=159233"}],"version-history":[{"count":1,"href":"https:\/\/www.caririemacao.com\/1\/wp-json\/wp\/v2\/posts\/159233\/revisions"}],"predecessor-version":[{"id":159234,"href":"https:\/\/www.caririemacao.com\/1\/wp-json\/wp\/v2\/posts\/159233\/revisions\/159234"}],"wp:featuredmedia":[{"embeddable":true,"href":"https:\/\/www.caririemacao.com\/1\/wp-json\/wp\/v2\/media\/157594"}],"wp:attachment":[{"href":"https:\/\/www.caririemacao.com\/1\/wp-json\/wp\/v2\/media?parent=159233"}],"wp:term":[{"taxonomy":"category","embeddable":true,"href":"https:\/\/www.caririemacao.com\/1\/wp-json\/wp\/v2\/categories?post=159233"},{"taxonomy":"post_tag","embeddable":true,"href":"https:\/\/www.caririemacao.com\/1\/wp-json\/wp\/v2\/tags?post=159233"}],"curies":[{"name":"wp","href":"https:\/\/api.w.org\/{rel}","templated":true}]}}