{"id":159236,"date":"2020-03-20T16:54:44","date_gmt":"2020-03-20T19:54:44","guid":{"rendered":"http:\/\/www.caririemacao.com\/1\/?p=159236"},"modified":"2020-03-20T16:54:46","modified_gmt":"2020-03-20T19:54:46","slug":"policias-e-bombeiros-intensificam-acoes-para-que-populacao-cumpra-isolamento-social","status":"publish","type":"post","link":"https:\/\/www.caririemacao.com\/1\/2020\/03\/20\/policias-e-bombeiros-intensificam-acoes-para-que-populacao-cumpra-isolamento-social\/","title":{"rendered":"Pol\u00edcias e Bombeiros intensificam a\u00e7\u00f5es para que popula\u00e7\u00e3o cumpra isolamento social"},"content":{"rendered":"\n<p>Por determina\u00e7\u00e3o do secret\u00e1rio da Seguran\u00e7a e da Defesa Social, Jean Nunes, a partir desta sexta-feira (20), a Pol\u00edcia Militar, a Pol\u00edcia Civil e o Corpo de Bombeiros Militar da Para\u00edba est\u00e3o intensificando a\u00e7\u00f5es de conscientiza\u00e7\u00e3o, para que a popula\u00e7\u00e3o cumpra as orienta\u00e7\u00f5es de isolamento social, em virtude da pandemia do coronav\u00edrus no pa\u00eds.<\/p>\n\n\n\n<p>Conforme adiantou, medidas administrativas e criminais ser\u00e3o tomadas contra quem apresentar sintomas da doen\u00e7a e ainda estiver circulando nas ruas.<\/p>\n\n\n\n<p>\u201cNosso trabalho \u00e9 orientar a popula\u00e7\u00e3o quanto \u00e0 necessidade de recolhimento, de isolamento domiciliar. As viaturas est\u00e3o circulando e explicando \u00e0s pessoas que n\u00e3o se deve estar em cal\u00e7adas, em pra\u00e7as, na praia, bares, restaurantes. Devem ser seguidas as orienta\u00e7\u00f5es do Minist\u00e9rio da Sa\u00fade, da Secretaria de Estado da Sa\u00fade e aqueles que insistirem em estar circulando, mesmo com sintomas da doen\u00e7a, ser\u00e3o responsabilizados, pois isso \u00e9 crime contra a sa\u00fade p\u00fablica\u201d, explicou Jean Nunes.<\/p>\n\n\n\n<p>Segundo os artigos 267 e 268 do C\u00f3digo Penal Brasileiro (CPB), s\u00e3o crimes contra a sa\u00fade p\u00fablica causar epidemia mediante a propaga\u00e7\u00e3o de genes patog\u00eanicos e infringir determina\u00e7\u00e3o do poder p\u00fablico, destinada a impedir introdu\u00e7\u00e3o ou propaga\u00e7\u00e3o de doen\u00e7a contagiosa, respectivamente.<\/p>\n\n\n\n<p>Suspens\u00e3o de atendimento na sede da Sesds \u2013 O secret\u00e1rio Jean Nunes tamb\u00e9m publicou a portaria n\u00ba 16\/2020 nesta quinta-feira (19), suspendendo de forma imediata o atendimento ao p\u00fablico externo na sede da pasta, localizada no bairro de Mangabeira, em Jo\u00e3o Pessoa, em observa\u00e7\u00e3o \u00e0s recomenda\u00e7\u00f5es m\u00e9dicas de preven\u00e7\u00e3o ao Covid-19.<\/p>\n\n\n\n<p>O documento determina a prefer\u00eancia ao atendimento via telefone, por meio do n\u00famero 3213-9065 (Protocolo Geral) ou e-mail:&nbsp;protocolo@sesds.pb.gov.br.<\/p>\n\n\n\n<p>A medida se estende tamb\u00e9m \u00e0 Delegacia Geral de Pol\u00edcia Civil, que funciona no mesmo pr\u00e9dio, e \u00e0 coordena\u00e7\u00e3o do Centro Integrado de Opera\u00e7\u00f5es (CIOP), tanto na capital quanto em Campina Grande.<\/p>\n","protected":false},"excerpt":{"rendered":"<p>Por determina\u00e7\u00e3o do secret\u00e1rio da Seguran\u00e7a e da Defesa Social, Jean Nunes, a partir desta sexta-feira (20), a Pol\u00edcia Militar, a Pol\u00edcia Civil e o&hellip; <\/p>\n","protected":false},"author":2,"featured_media":159237,"comment_status":"closed","ping_status":"closed","sticky":false,"template":"","format":"standard","meta":{"sfsi_plus_gutenberg_text_before_share":"","sfsi_plus_gutenberg_show_text_before_share":"","sfsi_plus_gutenberg_icon_type":"","sfsi_plus_gutenberg_icon_alignemt":"","sfsi_plus_gutenburg_max_per_row":"","footnotes":""},"categories":[12],"tags":[],"class_list":["post-159236","post","type-post","status-publish","format-standard","has-post-thumbnail","hentry","category-policia"],"_links":{"self":[{"href":"https:\/\/www.caririemacao.com\/1\/wp-json\/wp\/v2\/posts\/159236","targetHints":{"allow":["GET"]}}],"collection":[{"href":"https:\/\/www.caririemacao.com\/1\/wp-json\/wp\/v2\/posts"}],"about":[{"href":"https:\/\/www.caririemacao.com\/1\/wp-json\/wp\/v2\/types\/post"}],"author":[{"embeddable":true,"href":"https:\/\/www.caririemacao.com\/1\/wp-json\/wp\/v2\/users\/2"}],"replies":[{"embeddable":true,"href":"https:\/\/www.caririemacao.com\/1\/wp-json\/wp\/v2\/comments?post=159236"}],"version-history":[{"count":1,"href":"https:\/\/www.caririemacao.com\/1\/wp-json\/wp\/v2\/posts\/159236\/revisions"}],"predecessor-version":[{"id":159238,"href":"https:\/\/www.caririemacao.com\/1\/wp-json\/wp\/v2\/posts\/159236\/revisions\/159238"}],"wp:featuredmedia":[{"embeddable":true,"href":"https:\/\/www.caririemacao.com\/1\/wp-json\/wp\/v2\/media\/159237"}],"wp:attachment":[{"href":"https:\/\/www.caririemacao.com\/1\/wp-json\/wp\/v2\/media?parent=159236"}],"wp:term":[{"taxonomy":"category","embeddable":true,"href":"https:\/\/www.caririemacao.com\/1\/wp-json\/wp\/v2\/categories?post=159236"},{"taxonomy":"post_tag","embeddable":true,"href":"https:\/\/www.caririemacao.com\/1\/wp-json\/wp\/v2\/tags?post=159236"}],"curies":[{"name":"wp","href":"https:\/\/api.w.org\/{rel}","templated":true}]}}