{"id":159242,"date":"2020-03-20T19:06:58","date_gmt":"2020-03-20T22:06:58","guid":{"rendered":"http:\/\/www.caririemacao.com\/1\/?p=159242"},"modified":"2020-03-20T19:07:16","modified_gmt":"2020-03-20T22:07:16","slug":"monteiro-policia-civil-prende-jovem-acusado-de-homicidio","status":"publish","type":"post","link":"https:\/\/www.caririemacao.com\/1\/2020\/03\/20\/monteiro-policia-civil-prende-jovem-acusado-de-homicidio\/","title":{"rendered":"Monteiro: Pol\u00edcia C\u00edvil prende jovem acusado de homic\u00eddio"},"content":{"rendered":"\n<p>Um jovem foi preso nesta sexta-feira (20) pela Policia Civil da 14\u00aa Delegacia Seccional de Monteiro, acusado de cometer um homic\u00eddio na no sitio Serra Branca de zona rural de Monteiro no \u00faltimo domingo.<\/p>\n\n\n\n<p>De acordo com informa\u00e7\u00f5es, a Pol\u00edcia Civil prendeu, o jovem conhecido por Vinicius da Silva, que assassinou com golpes de faca um jovem identificado como Leandro, de 26 anos, que tentava separar uma briga, quando foi atingido por golpes de faca.<\/p>\n\n\n\n<p>FOXPB com da 95 FM SUM\u00c9<\/p>\n","protected":false},"excerpt":{"rendered":"<p>Um jovem foi preso nesta sexta-feira (20) pela Policia Civil da 14\u00aa Delegacia Seccional de Monteiro, acusado de cometer um homic\u00eddio na no sitio Serra&hellip; <\/p>\n","protected":false},"author":1,"featured_media":69371,"comment_status":"closed","ping_status":"closed","sticky":false,"template":"","format":"standard","meta":{"sfsi_plus_gutenberg_text_before_share":"","sfsi_plus_gutenberg_show_text_before_share":"","sfsi_plus_gutenberg_icon_type":"","sfsi_plus_gutenberg_icon_alignemt":"","sfsi_plus_gutenburg_max_per_row":"","footnotes":""},"categories":[1],"tags":[],"class_list":["post-159242","post","type-post","status-publish","format-standard","has-post-thumbnail","hentry","category-o-site"],"_links":{"self":[{"href":"https:\/\/www.caririemacao.com\/1\/wp-json\/wp\/v2\/posts\/159242","targetHints":{"allow":["GET"]}}],"collection":[{"href":"https:\/\/www.caririemacao.com\/1\/wp-json\/wp\/v2\/posts"}],"about":[{"href":"https:\/\/www.caririemacao.com\/1\/wp-json\/wp\/v2\/types\/post"}],"author":[{"embeddable":true,"href":"https:\/\/www.caririemacao.com\/1\/wp-json\/wp\/v2\/users\/1"}],"replies":[{"embeddable":true,"href":"https:\/\/www.caririemacao.com\/1\/wp-json\/wp\/v2\/comments?post=159242"}],"version-history":[{"count":1,"href":"https:\/\/www.caririemacao.com\/1\/wp-json\/wp\/v2\/posts\/159242\/revisions"}],"predecessor-version":[{"id":159243,"href":"https:\/\/www.caririemacao.com\/1\/wp-json\/wp\/v2\/posts\/159242\/revisions\/159243"}],"wp:featuredmedia":[{"embeddable":true,"href":"https:\/\/www.caririemacao.com\/1\/wp-json\/wp\/v2\/media\/69371"}],"wp:attachment":[{"href":"https:\/\/www.caririemacao.com\/1\/wp-json\/wp\/v2\/media?parent=159242"}],"wp:term":[{"taxonomy":"category","embeddable":true,"href":"https:\/\/www.caririemacao.com\/1\/wp-json\/wp\/v2\/categories?post=159242"},{"taxonomy":"post_tag","embeddable":true,"href":"https:\/\/www.caririemacao.com\/1\/wp-json\/wp\/v2\/tags?post=159242"}],"curies":[{"name":"wp","href":"https:\/\/api.w.org\/{rel}","templated":true}]}}