{"id":159245,"date":"2020-03-21T07:02:02","date_gmt":"2020-03-21T10:02:02","guid":{"rendered":"http:\/\/www.caririemacao.com\/1\/?p=159245"},"modified":"2020-03-21T07:02:04","modified_gmt":"2020-03-21T10:02:04","slug":"produtores-de-cachaca-doam-alcool-70-a-saude","status":"publish","type":"post","link":"https:\/\/www.caririemacao.com\/1\/2020\/03\/21\/produtores-de-cachaca-doam-alcool-70-a-saude\/","title":{"rendered":"Produtores de cacha\u00e7a doam \u00e1lcool 70% \u00e0 sa\u00fade"},"content":{"rendered":"\n<p>O deputado estadual e presidente da Frente Parlamentar de Empreendedorismo e Desenvolvimento Econ\u00f4mico da Assembleia Legislativa da Para\u00edba (ALPB), Eduardo Carneiro (PRTB), destacou e parabenizou a a\u00e7\u00e3o da Associa\u00e7\u00e3o dos Produtores de Cacha\u00e7a de Areia (APCA) que decidiu doar para a rede municipal de sa\u00fade parte da sua produ\u00e7\u00e3o de \u00e1lcool 70%. Nessa concentra\u00e7\u00e3o, o \u00e1lcool \u00e9 eficiente para combater v\u00edrus, fungos e bact\u00e9rias. A decis\u00e3o foi tomada em virtude da pandemia do coronav\u00edrus.<\/p>\n\n\n\n<p>De acordo com Eduardo, essa \u00e9 a primeira movimenta\u00e7\u00e3o do setor de cacha\u00e7a para colaborar com a situa\u00e7\u00e3o atual. O produto deve ser distribu\u00eddo \u00e0 popula\u00e7\u00e3o, postos de sa\u00fade e hospitais do munic\u00edpio paraibano, que \u00e9 um dos mais importantes polos de produ\u00e7\u00e3o de cacha\u00e7a do Pa\u00eds. Fazem parte da Associa\u00e7\u00e3o dos Produtores de Cacha\u00e7a de Areia (APCA), dez marcas de cacha\u00e7as produzidas no munic\u00edpio de Areia: Aroma da Serra, Cristal de Areia, Elite, Ipueira, Matuta, Princesa do Brejo, Serra de Areia, Triunfo, Turmalina da Serra e Vit\u00f3ria.<\/p>\n\n\n\n<p>Para o deputado, seria essencial que outras entidades e empresas do setor de cacha\u00e7a pudessem seguir o exemplo da Associa\u00e7\u00e3o dos Produtores de Cacha\u00e7a de Areia. \u201cTamb\u00e9m \u00e9 importante avaliar as formas de reduzir os impactos no pr\u00f3prio setor, em um momento em que a demanda, com todas as restri\u00e7\u00f5es ao funcionamento de bares e restaurantes, dever\u00e1 ter uma queda\u201d, destacou.<\/p>\n\n\n\n<p>Sobre os impactos econ\u00f4micos que ser\u00e3o causados por conta das orienta\u00e7\u00f5es de manter o distanciamento social, o deputado Eduardo Carneiro orienta a popula\u00e7\u00e3o a consumir dos pequenos neg\u00f3cios para manter a economia girando. Ele pede tamb\u00e9m que as pessoas utilizem redes sociais para divulgar os produtos e servi\u00e7os desses empreendedores com a hastag #ApoiePequenosNeg\u00f3cios.<\/p>\n\n\n\n<p><strong>Produ\u00e7\u00e3o<\/strong>&nbsp;\u2013 O etanol a 70% pode ser produzido pelos mesmos equipamentos \u2013 alambiques ou colunas de destila\u00e7\u00e3o \u2013 que produzem a cacha\u00e7a. Na verdade, tudo \u00e9 basicamente uma quest\u00e3o de concentra\u00e7\u00e3o. A cacha\u00e7a \u00e9 \u2013 de maneira muito simplificada \u2013 etanol bem mais dilu\u00eddo (38% a 48%), acrescido das nobres artes do alambiqueiro.<\/p>\n\n\n\n<p><strong>MaisPB<\/strong><\/p>\n","protected":false},"excerpt":{"rendered":"<p>O deputado estadual e presidente da Frente Parlamentar de Empreendedorismo e Desenvolvimento Econ\u00f4mico da Assembleia Legislativa da Para\u00edba (ALPB), Eduardo Carneiro (PRTB), destacou e parabenizou&hellip; <\/p>\n","protected":false},"author":2,"featured_media":155834,"comment_status":"closed","ping_status":"closed","sticky":false,"template":"","format":"standard","meta":{"sfsi_plus_gutenberg_text_before_share":"","sfsi_plus_gutenberg_show_text_before_share":"","sfsi_plus_gutenberg_icon_type":"","sfsi_plus_gutenberg_icon_alignemt":"","sfsi_plus_gutenburg_max_per_row":"","footnotes":""},"categories":[50,2],"tags":[],"class_list":["post-159245","post","type-post","status-publish","format-standard","has-post-thumbnail","hentry","category-destaque","category-geral"],"_links":{"self":[{"href":"https:\/\/www.caririemacao.com\/1\/wp-json\/wp\/v2\/posts\/159245","targetHints":{"allow":["GET"]}}],"collection":[{"href":"https:\/\/www.caririemacao.com\/1\/wp-json\/wp\/v2\/posts"}],"about":[{"href":"https:\/\/www.caririemacao.com\/1\/wp-json\/wp\/v2\/types\/post"}],"author":[{"embeddable":true,"href":"https:\/\/www.caririemacao.com\/1\/wp-json\/wp\/v2\/users\/2"}],"replies":[{"embeddable":true,"href":"https:\/\/www.caririemacao.com\/1\/wp-json\/wp\/v2\/comments?post=159245"}],"version-history":[{"count":1,"href":"https:\/\/www.caririemacao.com\/1\/wp-json\/wp\/v2\/posts\/159245\/revisions"}],"predecessor-version":[{"id":159247,"href":"https:\/\/www.caririemacao.com\/1\/wp-json\/wp\/v2\/posts\/159245\/revisions\/159247"}],"wp:featuredmedia":[{"embeddable":true,"href":"https:\/\/www.caririemacao.com\/1\/wp-json\/wp\/v2\/media\/155834"}],"wp:attachment":[{"href":"https:\/\/www.caririemacao.com\/1\/wp-json\/wp\/v2\/media?parent=159245"}],"wp:term":[{"taxonomy":"category","embeddable":true,"href":"https:\/\/www.caririemacao.com\/1\/wp-json\/wp\/v2\/categories?post=159245"},{"taxonomy":"post_tag","embeddable":true,"href":"https:\/\/www.caririemacao.com\/1\/wp-json\/wp\/v2\/tags?post=159245"}],"curies":[{"name":"wp","href":"https:\/\/api.w.org\/{rel}","templated":true}]}}