{"id":159250,"date":"2020-03-21T07:03:42","date_gmt":"2020-03-21T10:03:42","guid":{"rendered":"http:\/\/www.caririemacao.com\/1\/?p=159250"},"modified":"2020-03-21T07:03:44","modified_gmt":"2020-03-21T10:03:44","slug":"senador-paraibano-passa-por-exame-de-coronavirus-apos-apresentar-sintomas-de-gripe","status":"publish","type":"post","link":"https:\/\/www.caririemacao.com\/1\/2020\/03\/21\/senador-paraibano-passa-por-exame-de-coronavirus-apos-apresentar-sintomas-de-gripe\/","title":{"rendered":"Senador paraibano passa por exame de coronav\u00edrus ap\u00f3s apresentar sintomas de gripe"},"content":{"rendered":"\n<p>O senador Jos\u00e9 Maranh\u00e3o foi submetido na manh\u00e3 desta sexta-feira, 20, ao exame de coronav\u00edrus.<\/p>\n\n\n\n<p>Ele apresenta sintomas de gripe.<\/p>\n\n\n\n<p>O material de exame foi coletado por profissionais de sa\u00fade do Estado em sua pr\u00f3pria casa, no munic\u00edpio de Jo\u00e3o Pessoa.<\/p>\n\n\n\n<p>De acordo com informa\u00e7\u00f5es da assessoria de comunica\u00e7\u00e3o, o senador passa bem.<\/p>\n\n\n\n<p>Demais senadores da Rep\u00fablica tamb\u00e9m est\u00e3o passando pelo teste, haja vista a infec\u00e7\u00e3o do presidente do Senado, Davi Alcolumbre.<\/p>\n\n\n\n<p>Jos\u00e9 Maranh\u00e3o est\u00e1 desde segunda-feira, 16, dispensado de participar de sess\u00f5es da Casa.<\/p>\n\n\n\n<p>Isso porque a idade de 86 anos o coloca na categoria de grupo de risco de contamina\u00e7\u00e3o por Covid-19.<\/p>\n\n\n\n<p>*com informa\u00e7\u00f5es do G1<\/p>\n","protected":false},"excerpt":{"rendered":"<p>O senador Jos\u00e9 Maranh\u00e3o foi submetido na manh\u00e3 desta sexta-feira, 20, ao exame de coronav\u00edrus. Ele apresenta sintomas de gripe. O material de exame foi&hellip; <\/p>\n","protected":false},"author":2,"featured_media":63151,"comment_status":"closed","ping_status":"closed","sticky":false,"template":"","format":"standard","meta":{"sfsi_plus_gutenberg_text_before_share":"","sfsi_plus_gutenberg_show_text_before_share":"","sfsi_plus_gutenberg_icon_type":"","sfsi_plus_gutenberg_icon_alignemt":"","sfsi_plus_gutenburg_max_per_row":"","footnotes":""},"categories":[11],"tags":[],"class_list":["post-159250","post","type-post","status-publish","format-standard","has-post-thumbnail","hentry","category-politica"],"_links":{"self":[{"href":"https:\/\/www.caririemacao.com\/1\/wp-json\/wp\/v2\/posts\/159250","targetHints":{"allow":["GET"]}}],"collection":[{"href":"https:\/\/www.caririemacao.com\/1\/wp-json\/wp\/v2\/posts"}],"about":[{"href":"https:\/\/www.caririemacao.com\/1\/wp-json\/wp\/v2\/types\/post"}],"author":[{"embeddable":true,"href":"https:\/\/www.caririemacao.com\/1\/wp-json\/wp\/v2\/users\/2"}],"replies":[{"embeddable":true,"href":"https:\/\/www.caririemacao.com\/1\/wp-json\/wp\/v2\/comments?post=159250"}],"version-history":[{"count":1,"href":"https:\/\/www.caririemacao.com\/1\/wp-json\/wp\/v2\/posts\/159250\/revisions"}],"predecessor-version":[{"id":159251,"href":"https:\/\/www.caririemacao.com\/1\/wp-json\/wp\/v2\/posts\/159250\/revisions\/159251"}],"wp:featuredmedia":[{"embeddable":true,"href":"https:\/\/www.caririemacao.com\/1\/wp-json\/wp\/v2\/media\/63151"}],"wp:attachment":[{"href":"https:\/\/www.caririemacao.com\/1\/wp-json\/wp\/v2\/media?parent=159250"}],"wp:term":[{"taxonomy":"category","embeddable":true,"href":"https:\/\/www.caririemacao.com\/1\/wp-json\/wp\/v2\/categories?post=159250"},{"taxonomy":"post_tag","embeddable":true,"href":"https:\/\/www.caririemacao.com\/1\/wp-json\/wp\/v2\/tags?post=159250"}],"curies":[{"name":"wp","href":"https:\/\/api.w.org\/{rel}","templated":true}]}}