{"id":159254,"date":"2020-03-21T07:06:52","date_gmt":"2020-03-21T10:06:52","guid":{"rendered":"http:\/\/www.caririemacao.com\/1\/?p=159254"},"modified":"2020-03-21T07:06:54","modified_gmt":"2020-03-21T10:06:54","slug":"medica-destaca-as-consequencias-que-o-coronavirus-pode-causar-nos-idosos","status":"publish","type":"post","link":"https:\/\/www.caririemacao.com\/1\/2020\/03\/21\/medica-destaca-as-consequencias-que-o-coronavirus-pode-causar-nos-idosos\/","title":{"rendered":"M\u00e9dica destaca as consequ\u00eancias que o coronav\u00edrus pode causar nos idosos"},"content":{"rendered":"\n<p>A m\u00e9dica geriatra do Hospital Universit\u00e1rio Alcides Carneiro (HUAC), Joana Camila, falou sobre as consequ\u00eancias que o coronav\u00edrus causa nos idosos.<\/p>\n\n\n\n<p>Durante entrevista concedida a uma emissora de r\u00e1dio campinense, a geriatra informou que os idosos \u00e9 um grupo de risco propenso a desenvolver, caso seja infectado pelo Covid-19, a pneumonia.<\/p>\n\n\n\n<p>\u2013 Os idosos s\u00e3o os mais vulner\u00e1veis. Todo idoso passa pelo processo de envelhecimento do sistema imunol\u00f3gico. O idoso \u00e9 mais vulner\u00e1vel a todas as infec\u00e7\u00f5es e, com o coronav\u00edrus, n\u00e3o seria diferente. Ainda \u00e9 pior porque se trata de um v\u00edrus novo e a comunidade cientifica n\u00e3o sabe a dimens\u00e3o do que acontece. A principal consequ\u00eancia do coronav\u00edrus \u00e9 a pneumonia \u2013 disse.<\/p>\n\n\n\n<p>Joana aconselha os idosos evitarem o contato f\u00edsico e os locais aglomerados como medida preventiva.<\/p>\n\n\n\n<p>\u2013 \u00c9 importante se resguardar, evitar ambientes aglomerados, evitar contato f\u00edsico com pessoas mais jovens e com crian\u00e7as- disse.<\/p>\n\n\n\n<p>O coronav\u00edrus pode ser transmitido de pessoa a pessoa pelo ar, por meio de tosse ou espirro, pelo toque ou aperto de m\u00e3o.<\/p>\n","protected":false},"excerpt":{"rendered":"<p>A m\u00e9dica geriatra do Hospital Universit\u00e1rio Alcides Carneiro (HUAC), Joana Camila, falou sobre as consequ\u00eancias que o coronav\u00edrus causa nos idosos. Durante entrevista concedida a&hellip; <\/p>\n","protected":false},"author":2,"featured_media":159255,"comment_status":"closed","ping_status":"closed","sticky":false,"template":"","format":"standard","meta":{"sfsi_plus_gutenberg_text_before_share":"","sfsi_plus_gutenberg_show_text_before_share":"","sfsi_plus_gutenberg_icon_type":"","sfsi_plus_gutenberg_icon_alignemt":"","sfsi_plus_gutenburg_max_per_row":"","footnotes":""},"categories":[50,16],"tags":[],"class_list":["post-159254","post","type-post","status-publish","format-standard","has-post-thumbnail","hentry","category-destaque","category-saude"],"_links":{"self":[{"href":"https:\/\/www.caririemacao.com\/1\/wp-json\/wp\/v2\/posts\/159254","targetHints":{"allow":["GET"]}}],"collection":[{"href":"https:\/\/www.caririemacao.com\/1\/wp-json\/wp\/v2\/posts"}],"about":[{"href":"https:\/\/www.caririemacao.com\/1\/wp-json\/wp\/v2\/types\/post"}],"author":[{"embeddable":true,"href":"https:\/\/www.caririemacao.com\/1\/wp-json\/wp\/v2\/users\/2"}],"replies":[{"embeddable":true,"href":"https:\/\/www.caririemacao.com\/1\/wp-json\/wp\/v2\/comments?post=159254"}],"version-history":[{"count":1,"href":"https:\/\/www.caririemacao.com\/1\/wp-json\/wp\/v2\/posts\/159254\/revisions"}],"predecessor-version":[{"id":159256,"href":"https:\/\/www.caririemacao.com\/1\/wp-json\/wp\/v2\/posts\/159254\/revisions\/159256"}],"wp:featuredmedia":[{"embeddable":true,"href":"https:\/\/www.caririemacao.com\/1\/wp-json\/wp\/v2\/media\/159255"}],"wp:attachment":[{"href":"https:\/\/www.caririemacao.com\/1\/wp-json\/wp\/v2\/media?parent=159254"}],"wp:term":[{"taxonomy":"category","embeddable":true,"href":"https:\/\/www.caririemacao.com\/1\/wp-json\/wp\/v2\/categories?post=159254"},{"taxonomy":"post_tag","embeddable":true,"href":"https:\/\/www.caririemacao.com\/1\/wp-json\/wp\/v2\/tags?post=159254"}],"curies":[{"name":"wp","href":"https:\/\/api.w.org\/{rel}","templated":true}]}}