{"id":159265,"date":"2020-03-21T07:19:39","date_gmt":"2020-03-21T10:19:39","guid":{"rendered":"http:\/\/www.caririemacao.com\/1\/?p=159265"},"modified":"2020-03-21T07:19:40","modified_gmt":"2020-03-21T10:19:40","slug":"joao-azevedo-e-governadores-do-nordeste-defendem-suspensao-de-cortes-no-bolsa-familia-e-pedem-reuniao-com-ministros","status":"publish","type":"post","link":"https:\/\/www.caririemacao.com\/1\/2020\/03\/21\/joao-azevedo-e-governadores-do-nordeste-defendem-suspensao-de-cortes-no-bolsa-familia-e-pedem-reuniao-com-ministros\/","title":{"rendered":"Jo\u00e3o Azev\u00eado e governadores do Nordeste defendem suspens\u00e3o de cortes no Bolsa Fam\u00edlia e pedem reuni\u00e3o com ministros"},"content":{"rendered":"\n<p>Diante do cen\u00e1rio de enfrentamento ao coronav\u00edrus, o governador da Para\u00edba, Jo\u00e3o Azev\u00eado, participou de videoconfer\u00eancia com os demais governadores do Nordeste nesta sexta-feira (20) para debater medidas conjuntas.&nbsp;A reuni\u00e3o online tamb\u00e9m contou com a participa\u00e7\u00e3o do vice-presidente da Organiza\u00e7\u00e3o Pan-Americana da Sa\u00fade (OPAS), Jarbas Barbosa.&nbsp;<\/p>\n\n\n\n<p>Na reuni\u00e3o, os gestores nordestinos aprovaram um documento que ser\u00e1 encaminhado ao Governo Federal, solicitando a imediata suspens\u00e3o dos cortes do programa Bolsa Fam\u00edlia na regi\u00e3o e cobraram reuni\u00f5es com os ministros da Sa\u00fade e da Economia, Luiz Mandetta e Paulo Guedes, respectivamente, para tratar de aux\u00edlio aos Estados nas respectivas \u00e1reas.&nbsp;<\/p>\n\n\n\n<p>Na ocasi\u00e3o, ainda ficou definido que os governos estaduais far\u00e3o compras coletivas de equipamentos e insumos necess\u00e1rios para o enfrentamento \u00e0 Covid-19. Medidas de isolamento para conter a dissemina\u00e7\u00e3o do novo v\u00edrus tamb\u00e9m foram&nbsp;alvos de discuss\u00e3o entre os governadores.&nbsp;<\/p>\n\n\n\n<p>O governador Jo\u00e3o Azev\u00eado ressaltou a import\u00e2ncia da uni\u00e3o de esfor\u00e7os e da troca de experi\u00eancias para dar as respostas necess\u00e1rias \u00e0 popula\u00e7\u00e3o em rela\u00e7\u00e3o ao combate ao novo coronav\u00edrus. \u201cEsse momento pede a uniformiza\u00e7\u00e3o de medidas econ\u00f4micas, por exemplo. Al\u00e9m disso, devemos focar em a\u00e7\u00f5es para restringir a circula\u00e7\u00e3o de pessoas porque o isolamento \u00e9 decisivo no controle da propaga\u00e7\u00e3o do coronav\u00edrus\u201d, pontuou.<\/p>\n","protected":false},"excerpt":{"rendered":"<p>Diante do cen\u00e1rio de enfrentamento ao coronav\u00edrus, o governador da Para\u00edba, Jo\u00e3o Azev\u00eado, participou de videoconfer\u00eancia com os demais governadores do Nordeste nesta sexta-feira (20)&hellip; <\/p>\n","protected":false},"author":2,"featured_media":159266,"comment_status":"closed","ping_status":"closed","sticky":false,"template":"","format":"standard","meta":{"sfsi_plus_gutenberg_text_before_share":"","sfsi_plus_gutenberg_show_text_before_share":"","sfsi_plus_gutenberg_icon_type":"","sfsi_plus_gutenberg_icon_alignemt":"","sfsi_plus_gutenburg_max_per_row":"","footnotes":""},"categories":[50,11],"tags":[],"class_list":["post-159265","post","type-post","status-publish","format-standard","has-post-thumbnail","hentry","category-destaque","category-politica"],"_links":{"self":[{"href":"https:\/\/www.caririemacao.com\/1\/wp-json\/wp\/v2\/posts\/159265","targetHints":{"allow":["GET"]}}],"collection":[{"href":"https:\/\/www.caririemacao.com\/1\/wp-json\/wp\/v2\/posts"}],"about":[{"href":"https:\/\/www.caririemacao.com\/1\/wp-json\/wp\/v2\/types\/post"}],"author":[{"embeddable":true,"href":"https:\/\/www.caririemacao.com\/1\/wp-json\/wp\/v2\/users\/2"}],"replies":[{"embeddable":true,"href":"https:\/\/www.caririemacao.com\/1\/wp-json\/wp\/v2\/comments?post=159265"}],"version-history":[{"count":1,"href":"https:\/\/www.caririemacao.com\/1\/wp-json\/wp\/v2\/posts\/159265\/revisions"}],"predecessor-version":[{"id":159267,"href":"https:\/\/www.caririemacao.com\/1\/wp-json\/wp\/v2\/posts\/159265\/revisions\/159267"}],"wp:featuredmedia":[{"embeddable":true,"href":"https:\/\/www.caririemacao.com\/1\/wp-json\/wp\/v2\/media\/159266"}],"wp:attachment":[{"href":"https:\/\/www.caririemacao.com\/1\/wp-json\/wp\/v2\/media?parent=159265"}],"wp:term":[{"taxonomy":"category","embeddable":true,"href":"https:\/\/www.caririemacao.com\/1\/wp-json\/wp\/v2\/categories?post=159265"},{"taxonomy":"post_tag","embeddable":true,"href":"https:\/\/www.caririemacao.com\/1\/wp-json\/wp\/v2\/tags?post=159265"}],"curies":[{"name":"wp","href":"https:\/\/api.w.org\/{rel}","templated":true}]}}