{"id":159270,"date":"2020-03-21T07:21:23","date_gmt":"2020-03-21T10:21:23","guid":{"rendered":"http:\/\/www.caririemacao.com\/1\/?p=159270"},"modified":"2020-03-21T07:21:36","modified_gmt":"2020-03-21T10:21:36","slug":"bolsonaro-pede-apoio-de-empresarios-no-combate-ao-coronavirus","status":"publish","type":"post","link":"https:\/\/www.caririemacao.com\/1\/2020\/03\/21\/bolsonaro-pede-apoio-de-empresarios-no-combate-ao-coronavirus\/","title":{"rendered":"Bolsonaro pede apoio de empres\u00e1rios no combate ao coronav\u00edrus"},"content":{"rendered":"\n<p>O presidente Jair Bolsonaro realizou uma videoconfer\u00eancia com empres\u00e1rios nesta sexta-feira (20) e pediu apoio do setor no combate ao novo coronav\u00edrus (Covid-19), especialmente na manuten\u00e7\u00e3o da log\u00edstica de abastecimento de bens essenciais, como alimentos e medicamentos.<\/p>\n\n\n\n<p>&#8220;A economia n\u00e3o pode parar. Afinal de contas, n\u00e3o basta termos meios se n\u00e3o tivermos como lev\u00e1-los ao local onde ser\u00e1 usada, bem como os profissionais t\u00eam tamb\u00e9m que se fazer presentes nesses locais. Os empres\u00e1rios n\u00e3o podem parar, porque precisamos produzir muita coisa, e n\u00e3o \u00e9 apenas um centro de produ\u00e7\u00e3o. Um simples rem\u00e9dio envolve v\u00e1rios outros setores para que ele seja feito, embalado, acondicionado e transportado. A nossa economia tamb\u00e9m n\u00e3o pode parar no tocante \u00e0 produ\u00e7\u00e3o de alimentos. E esta \u00e1rea \u00e9 muito grande&#8221; afirmou.<\/p>\n\n\n\n<p>O presidente tamb\u00e9m comentou sobre a possibilidade de estabelecer restri\u00e7\u00f5es para circula\u00e7\u00e3o de pessoas e mercadorias em rodovias e aeroportos. Segundo ele, essas medidas precisam ser tomadas em articula\u00e7\u00e3o dos estados com a o governo federal.<\/p>\n\n\n\n<p>&#8220;Estamos em contato com os secret\u00e1rios de estado tamb\u00e9m para definirmos a quest\u00e3o do direito de ir e vir, do fechamento ou n\u00e3o de rodovias, bem como aeroportos. Em grande parte, a Constitui\u00e7\u00e3o garante a n\u00f3s essa responsabilidade. Ent\u00e3o, estamos acertando para que um estado n\u00e3o aja diferente dos outros e n\u00e3o bote em colapso o setor produtivo. N\u00e3o adianta produzir em um lugar e n\u00e3o ter como entregar no outro.&#8221;&nbsp;&nbsp;<\/p>\n\n\n\n<p>Na mesma linha, o presidente da Federa\u00e7\u00e3o das Ind\u00fastrias do Estado de S\u00e3o Paulo (Fiesp), Paulo Skaf, tamb\u00e9m pediu um planejamento que permita enfrentar a crise sanit\u00e1ria, mas sem gerar uma cat\u00e1strofe econ\u00f4mica.<\/p>\n\n\n\n<p>&#8220;Temos a consci\u00eancia que primeiro tem que ser controlada a quest\u00e3o da sa\u00fade, se n\u00e3o diminuir a movimenta\u00e7\u00e3o de pessoas, n\u00e3o vamos estar controlando a quest\u00e3o da sa\u00fade e n\u00f3s temos consci\u00eancia que a diminui\u00e7\u00e3o afeta a economia, e tem que ser afetada de forma planejada&#8221;, disse o empres\u00e1rio.<\/p>\n\n\n\n<p>Na mesma reuni\u00e3o, o ministro da Sa\u00fade, Luiz Henrique Mandetta, projetou um crescimento dos casos do Covid-19 nos pr\u00f3ximos 10 dias, com uma subida mais aguda em abril, permanecendo alta em maio e junho. A partir de julho, h\u00e1 a expectativa de in\u00edcio da desacelera\u00e7\u00e3o.<\/p>\n\n\n\n<p>O n\u00famero de mortes em decorr\u00eancia da Covid-19 subiu para 11 e o total de infectados pelo v\u00edrus soma 904 no pa\u00eds, segundo a \u00faltima atualiza\u00e7\u00e3o divulgada pelo Minist\u00e9rio da Sa\u00fade.<\/p>\n","protected":false},"excerpt":{"rendered":"<p>O presidente Jair Bolsonaro realizou uma videoconfer\u00eancia com empres\u00e1rios nesta sexta-feira (20) e pediu apoio do setor no combate ao novo coronav\u00edrus (Covid-19), especialmente na&hellip; <\/p>\n","protected":false},"author":2,"featured_media":159271,"comment_status":"closed","ping_status":"closed","sticky":false,"template":"","format":"standard","meta":{"sfsi_plus_gutenberg_text_before_share":"","sfsi_plus_gutenberg_show_text_before_share":"","sfsi_plus_gutenberg_icon_type":"","sfsi_plus_gutenberg_icon_alignemt":"","sfsi_plus_gutenburg_max_per_row":"","footnotes":""},"categories":[11],"tags":[],"class_list":["post-159270","post","type-post","status-publish","format-standard","has-post-thumbnail","hentry","category-politica"],"_links":{"self":[{"href":"https:\/\/www.caririemacao.com\/1\/wp-json\/wp\/v2\/posts\/159270","targetHints":{"allow":["GET"]}}],"collection":[{"href":"https:\/\/www.caririemacao.com\/1\/wp-json\/wp\/v2\/posts"}],"about":[{"href":"https:\/\/www.caririemacao.com\/1\/wp-json\/wp\/v2\/types\/post"}],"author":[{"embeddable":true,"href":"https:\/\/www.caririemacao.com\/1\/wp-json\/wp\/v2\/users\/2"}],"replies":[{"embeddable":true,"href":"https:\/\/www.caririemacao.com\/1\/wp-json\/wp\/v2\/comments?post=159270"}],"version-history":[{"count":2,"href":"https:\/\/www.caririemacao.com\/1\/wp-json\/wp\/v2\/posts\/159270\/revisions"}],"predecessor-version":[{"id":159273,"href":"https:\/\/www.caririemacao.com\/1\/wp-json\/wp\/v2\/posts\/159270\/revisions\/159273"}],"wp:featuredmedia":[{"embeddable":true,"href":"https:\/\/www.caririemacao.com\/1\/wp-json\/wp\/v2\/media\/159271"}],"wp:attachment":[{"href":"https:\/\/www.caririemacao.com\/1\/wp-json\/wp\/v2\/media?parent=159270"}],"wp:term":[{"taxonomy":"category","embeddable":true,"href":"https:\/\/www.caririemacao.com\/1\/wp-json\/wp\/v2\/categories?post=159270"},{"taxonomy":"post_tag","embeddable":true,"href":"https:\/\/www.caririemacao.com\/1\/wp-json\/wp\/v2\/tags?post=159270"}],"curies":[{"name":"wp","href":"https:\/\/api.w.org\/{rel}","templated":true}]}}