{"id":159282,"date":"2020-03-21T07:27:10","date_gmt":"2020-03-21T10:27:10","guid":{"rendered":"http:\/\/www.caririemacao.com\/1\/?p=159282"},"modified":"2020-03-21T07:27:12","modified_gmt":"2020-03-21T10:27:12","slug":"prazo-do-pagamento-de-tributos-do-simples-nacional-e-prorrogado-por-seis-meses","status":"publish","type":"post","link":"https:\/\/www.caririemacao.com\/1\/2020\/03\/21\/prazo-do-pagamento-de-tributos-do-simples-nacional-e-prorrogado-por-seis-meses\/","title":{"rendered":"Prazo do pagamento de tributos do Simples Nacional \u00e9 prorrogado por seis meses"},"content":{"rendered":"\n<p>O Comit\u00ea Gestor do Simples Nacional aprovou nesta quarta-feira (18) a prorroga\u00e7\u00e3o, por seis meses, do prazo de pagamento de tributos federais do Simples Nacional. A medida vale para os valores apurados a partir de mar\u00e7o.<\/p>\n\n\n\n<p>A altera\u00e7\u00e3o integra um conjunto de medidas tomadas no \u00e2mbito federal para minimizar os impactos do coronav\u00edrus nas empresas. Ela tamb\u00e9m se aplica aos Microempreendedores Individuais (MEI).<\/p>\n\n\n\n<p>De acordo com a resolu\u00e7\u00e3o, ficam prorrogados os pagamentos com vencimento nos meses de abril, maio e junho &#8211; e n\u00e3o est\u00e1 prevista a restitui\u00e7\u00e3o de quantias j\u00e1 recolhidas.<\/p>\n\n\n\n<p><strong>Veja abaixo:<\/strong>&nbsp; &nbsp; &nbsp; &nbsp; &nbsp; &nbsp; &nbsp;<\/p>\n\n\n\n<p><em>I &#8211; o Per\u00edodo de Apura\u00e7\u00e3o Mar\u00e7o de 2020, com vencimento original em 20 de<br>abril de 2020, fica com vencimento para 20 de outubro de 2020;<\/em><\/p>\n\n\n\n<p><em>II &#8211; o Per\u00edodo de Apura\u00e7\u00e3o Abril de 2020, com vencimento original em 20 de<br>maio de 2020, fica com vencimento para 20 de novembro de 2020; e<\/em><\/p>\n\n\n\n<p><em>III &#8211; o Per\u00edodo de Apura\u00e7\u00e3o Maio de 2020, com vencimento original em 22 de<br>junho de 2020, fica com vencimento para 21 de dezembro de 2020.<\/em><\/p>\n\n\n\n<p>A prorroga\u00e7\u00e3o havia sido anunciada anteriormente pelo governo federal. Na ocasi\u00e3o, a previs\u00e3o era prorrogar prazo em tr\u00eas meses.<\/p>\n","protected":false},"excerpt":{"rendered":"<p>O Comit\u00ea Gestor do Simples Nacional aprovou nesta quarta-feira (18) a prorroga\u00e7\u00e3o, por seis meses, do prazo de pagamento de tributos federais do Simples Nacional.&hellip; <\/p>\n","protected":false},"author":2,"featured_media":152938,"comment_status":"closed","ping_status":"closed","sticky":false,"template":"","format":"standard","meta":{"sfsi_plus_gutenberg_text_before_share":"","sfsi_plus_gutenberg_show_text_before_share":"","sfsi_plus_gutenberg_icon_type":"","sfsi_plus_gutenberg_icon_alignemt":"","sfsi_plus_gutenburg_max_per_row":"","footnotes":""},"categories":[2],"tags":[],"class_list":["post-159282","post","type-post","status-publish","format-standard","has-post-thumbnail","hentry","category-geral"],"_links":{"self":[{"href":"https:\/\/www.caririemacao.com\/1\/wp-json\/wp\/v2\/posts\/159282","targetHints":{"allow":["GET"]}}],"collection":[{"href":"https:\/\/www.caririemacao.com\/1\/wp-json\/wp\/v2\/posts"}],"about":[{"href":"https:\/\/www.caririemacao.com\/1\/wp-json\/wp\/v2\/types\/post"}],"author":[{"embeddable":true,"href":"https:\/\/www.caririemacao.com\/1\/wp-json\/wp\/v2\/users\/2"}],"replies":[{"embeddable":true,"href":"https:\/\/www.caririemacao.com\/1\/wp-json\/wp\/v2\/comments?post=159282"}],"version-history":[{"count":1,"href":"https:\/\/www.caririemacao.com\/1\/wp-json\/wp\/v2\/posts\/159282\/revisions"}],"predecessor-version":[{"id":159283,"href":"https:\/\/www.caririemacao.com\/1\/wp-json\/wp\/v2\/posts\/159282\/revisions\/159283"}],"wp:featuredmedia":[{"embeddable":true,"href":"https:\/\/www.caririemacao.com\/1\/wp-json\/wp\/v2\/media\/152938"}],"wp:attachment":[{"href":"https:\/\/www.caririemacao.com\/1\/wp-json\/wp\/v2\/media?parent=159282"}],"wp:term":[{"taxonomy":"category","embeddable":true,"href":"https:\/\/www.caririemacao.com\/1\/wp-json\/wp\/v2\/categories?post=159282"},{"taxonomy":"post_tag","embeddable":true,"href":"https:\/\/www.caririemacao.com\/1\/wp-json\/wp\/v2\/tags?post=159282"}],"curies":[{"name":"wp","href":"https:\/\/api.w.org\/{rel}","templated":true}]}}