{"id":159301,"date":"2020-03-21T07:34:02","date_gmt":"2020-03-21T10:34:02","guid":{"rendered":"http:\/\/www.caririemacao.com\/1\/?p=159301"},"modified":"2020-03-21T07:34:03","modified_gmt":"2020-03-21T10:34:03","slug":"italia-registra-627-novas-mortes-por-coronavirus-em-um-dia-total-chega-a-4-032","status":"publish","type":"post","link":"https:\/\/www.caririemacao.com\/1\/2020\/03\/21\/italia-registra-627-novas-mortes-por-coronavirus-em-um-dia-total-chega-a-4-032\/","title":{"rendered":"It\u00e1lia registra 627 novas mortes por coronav\u00edrus em um dia; total chega a 4.032"},"content":{"rendered":"\n<div class=\"wp-block-image\"><figure class=\"aligncenter\"><img decoding=\"async\" data-src=\"http:\/\/deolhonocariri.com.br\/wp-content\/uploads\/2020\/03\/italia-isola-regioes-onde-ha-casos-do-coronavirus-ap20054316815319-696x464-1.jpg\" alt=\"\" class=\"wp-image-79475 lazyload\" src=\"data:image\/svg+xml;base64,PHN2ZyB3aWR0aD0iMSIgaGVpZ2h0PSIxIiB4bWxucz0iaHR0cDovL3d3dy53My5vcmcvMjAwMC9zdmciPjwvc3ZnPg==\" \/><\/figure><\/div>\n\n\n\n<p>O n\u00famero de mortos pela pandemia de coronav\u00edrus na It\u00e1lia saltou em 627, para um total de 4.032, disseram autoridades nesta sexta-feira, uma alta de 18,4%, no maior crescimento em termos absolutos em um dia desde o in\u00edcio dos cont\u00e1gios h\u00e1 um m\u00eas atr\u00e1s.<\/p>\n\n\n\n<p>Na quinta-feira, a It\u00e1lia ultrapassou a China como o pa\u00eds a registrar mais v\u00edtimas fatais devido ao v\u00edrus, que \u00e9 altamente contagioso v\u00edrus. At\u00e9 esta sexta-feira, a It\u00e1lia havia registrado um m\u00e1ximo de mortes em um dia de 475. Na China, onde a velocidade de cont\u00e1gio j\u00e1 foi significativamente reduzida, o n\u00famero nunca chegou a ultrapassar 150.<\/p>\n\n\n\n<p>O n\u00famero total de casos de coronav\u00edrus na It\u00e1lia cresceu para 47.021, de um total de 41.035 anteriormente, uma expans\u00e3o de 14,6%, segundo a Ag\u00eancia de Prote\u00e7\u00e3o Civil.<\/p>\n\n\n\n<p>A regi\u00e3o da Lombardia, ao norte do pa\u00eds, segue em situa\u00e7\u00e3o cr\u00edtica, com 2.549 mortes e 22.264 casos. Dos infectados pelo pa\u00eds, 5.129 haviam se recuperado totalmente at\u00e9 esta sexta-feira, contra 4.440 na v\u00e9spera.&nbsp; Havia ainda 2.655 pessoas sob cuidados intensivos, contra 2.498 antes.<\/p>\n\n\n\n<p>Com Uol Not\u00edcias \u2013 Reportagem de Crispian Balmer<\/p>\n\n\n\n<p><em>Foto: Foto: AP Photo\/Luca Bruno<\/em><\/p>\n","protected":false},"excerpt":{"rendered":"<p>O n\u00famero de mortos pela pandemia de coronav\u00edrus na It\u00e1lia saltou em 627, para um total de 4.032, disseram autoridades nesta sexta-feira, uma alta de&hellip; <\/p>\n","protected":false},"author":2,"featured_media":155540,"comment_status":"closed","ping_status":"closed","sticky":false,"template":"","format":"standard","meta":{"sfsi_plus_gutenberg_text_before_share":"","sfsi_plus_gutenberg_show_text_before_share":"","sfsi_plus_gutenberg_icon_type":"","sfsi_plus_gutenberg_icon_alignemt":"","sfsi_plus_gutenburg_max_per_row":"","footnotes":""},"categories":[2],"tags":[],"class_list":["post-159301","post","type-post","status-publish","format-standard","has-post-thumbnail","hentry","category-geral"],"_links":{"self":[{"href":"https:\/\/www.caririemacao.com\/1\/wp-json\/wp\/v2\/posts\/159301","targetHints":{"allow":["GET"]}}],"collection":[{"href":"https:\/\/www.caririemacao.com\/1\/wp-json\/wp\/v2\/posts"}],"about":[{"href":"https:\/\/www.caririemacao.com\/1\/wp-json\/wp\/v2\/types\/post"}],"author":[{"embeddable":true,"href":"https:\/\/www.caririemacao.com\/1\/wp-json\/wp\/v2\/users\/2"}],"replies":[{"embeddable":true,"href":"https:\/\/www.caririemacao.com\/1\/wp-json\/wp\/v2\/comments?post=159301"}],"version-history":[{"count":1,"href":"https:\/\/www.caririemacao.com\/1\/wp-json\/wp\/v2\/posts\/159301\/revisions"}],"predecessor-version":[{"id":159302,"href":"https:\/\/www.caririemacao.com\/1\/wp-json\/wp\/v2\/posts\/159301\/revisions\/159302"}],"wp:featuredmedia":[{"embeddable":true,"href":"https:\/\/www.caririemacao.com\/1\/wp-json\/wp\/v2\/media\/155540"}],"wp:attachment":[{"href":"https:\/\/www.caririemacao.com\/1\/wp-json\/wp\/v2\/media?parent=159301"}],"wp:term":[{"taxonomy":"category","embeddable":true,"href":"https:\/\/www.caririemacao.com\/1\/wp-json\/wp\/v2\/categories?post=159301"},{"taxonomy":"post_tag","embeddable":true,"href":"https:\/\/www.caririemacao.com\/1\/wp-json\/wp\/v2\/tags?post=159301"}],"curies":[{"name":"wp","href":"https:\/\/api.w.org\/{rel}","templated":true}]}}