{"id":159309,"date":"2020-03-21T08:05:55","date_gmt":"2020-03-21T11:05:55","guid":{"rendered":"http:\/\/www.caririemacao.com\/1\/?p=159309"},"modified":"2020-03-21T08:05:56","modified_gmt":"2020-03-21T11:05:56","slug":"prefeitura-de-monteiro-suspende-feira-de-trocas-e-feira-de-veiculos-no-municipio","status":"publish","type":"post","link":"https:\/\/www.caririemacao.com\/1\/2020\/03\/21\/prefeitura-de-monteiro-suspende-feira-de-trocas-e-feira-de-veiculos-no-municipio\/","title":{"rendered":"Prefeitura de Monteiro suspende Feira de Trocas e Feira de Ve\u00edculos no munic\u00edpio"},"content":{"rendered":"\n<p>Seguindo \u00e0s determina\u00e7\u00f5es da prefeita Anna Lorena e as determina\u00e7\u00f5es do Comit\u00ea de Sa\u00fade para enfrentamento do Coronav\u00edrus, a tradicional Feira de Trocas tamb\u00e9m ser\u00e1 suspensa.<\/p>\n\n\n\n<p>A medida foi tomada em virtude das a\u00e7\u00f5es que visam evitar aglomera\u00e7\u00f5es, principalmente de pessoas de mais idade, que possam propagar o cont\u00e1gio de doen\u00e7as, assim como houve a suspens\u00e3o na Feira de Comercializa\u00e7\u00e3o de Animais \u2013 Feira do Gado.<\/p>\n\n\n\n<p>De acordo com o Minist\u00e9rio da Sa\u00fade estas medidas tem como principal intuito coibir a transmiss\u00e3o e propaga\u00e7\u00e3o da pandemia.<\/p>\n\n\n\n<p>\u201cNossa principal preocupa\u00e7\u00e3o \u00e9 que todos se mantenham o mais seguros poss\u00edvel. Queremos e confiamos em Deus que conseguiremos passar desse momento dif\u00edcil sem nenhum caso no munic\u00edpio\u201d, disse a prefeita durante o an\u00fancio da suspens\u00e3o.<\/p>\n","protected":false},"excerpt":{"rendered":"<p>Seguindo \u00e0s determina\u00e7\u00f5es da prefeita Anna Lorena e as determina\u00e7\u00f5es do Comit\u00ea de Sa\u00fade para enfrentamento do Coronav\u00edrus, a tradicional Feira de Trocas tamb\u00e9m ser\u00e1&hellip; <\/p>\n","protected":false},"author":2,"featured_media":148143,"comment_status":"closed","ping_status":"closed","sticky":false,"template":"","format":"standard","meta":{"sfsi_plus_gutenberg_text_before_share":"","sfsi_plus_gutenberg_show_text_before_share":"","sfsi_plus_gutenberg_icon_type":"","sfsi_plus_gutenberg_icon_alignemt":"","sfsi_plus_gutenburg_max_per_row":"","footnotes":""},"categories":[6],"tags":[],"class_list":["post-159309","post","type-post","status-publish","format-standard","has-post-thumbnail","hentry","category-cidades"],"_links":{"self":[{"href":"https:\/\/www.caririemacao.com\/1\/wp-json\/wp\/v2\/posts\/159309","targetHints":{"allow":["GET"]}}],"collection":[{"href":"https:\/\/www.caririemacao.com\/1\/wp-json\/wp\/v2\/posts"}],"about":[{"href":"https:\/\/www.caririemacao.com\/1\/wp-json\/wp\/v2\/types\/post"}],"author":[{"embeddable":true,"href":"https:\/\/www.caririemacao.com\/1\/wp-json\/wp\/v2\/users\/2"}],"replies":[{"embeddable":true,"href":"https:\/\/www.caririemacao.com\/1\/wp-json\/wp\/v2\/comments?post=159309"}],"version-history":[{"count":1,"href":"https:\/\/www.caririemacao.com\/1\/wp-json\/wp\/v2\/posts\/159309\/revisions"}],"predecessor-version":[{"id":159310,"href":"https:\/\/www.caririemacao.com\/1\/wp-json\/wp\/v2\/posts\/159309\/revisions\/159310"}],"wp:featuredmedia":[{"embeddable":true,"href":"https:\/\/www.caririemacao.com\/1\/wp-json\/wp\/v2\/media\/148143"}],"wp:attachment":[{"href":"https:\/\/www.caririemacao.com\/1\/wp-json\/wp\/v2\/media?parent=159309"}],"wp:term":[{"taxonomy":"category","embeddable":true,"href":"https:\/\/www.caririemacao.com\/1\/wp-json\/wp\/v2\/categories?post=159309"},{"taxonomy":"post_tag","embeddable":true,"href":"https:\/\/www.caririemacao.com\/1\/wp-json\/wp\/v2\/tags?post=159309"}],"curies":[{"name":"wp","href":"https:\/\/api.w.org\/{rel}","templated":true}]}}