{"id":159315,"date":"2020-03-21T08:08:40","date_gmt":"2020-03-21T11:08:40","guid":{"rendered":"http:\/\/www.caririemacao.com\/1\/?p=159315"},"modified":"2020-03-21T08:08:42","modified_gmt":"2020-03-21T11:08:42","slug":"servicos-da-area-de-saude-de-monteiro-sofrem-alteracoes-por-medida-de-seguranca","status":"publish","type":"post","link":"https:\/\/www.caririemacao.com\/1\/2020\/03\/21\/servicos-da-area-de-saude-de-monteiro-sofrem-alteracoes-por-medida-de-seguranca\/","title":{"rendered":"Servi\u00e7os da \u00e1rea de Sa\u00fade de Monteiro sofrem altera\u00e7\u00f5es por medida de seguran\u00e7a"},"content":{"rendered":"\n<p>A Prefeita Anna Lorena anunciou que alguns servi\u00e7os da \u00e1rea da sa\u00fade do munic\u00edpio sofrer\u00e3o altera\u00e7\u00f5es tendo em vista a atual circunst\u00e2ncia da pandemia que acomete o pa\u00eds.<\/p>\n\n\n\n<p>Segundo a gestora, o mais importante agora \u00e9 a seguran\u00e7a dos monteirenses, principalmente idosos, gestantes, crian\u00e7as e pessoas com comorbidades. \u201cPedimos que todos tenham um pouco de paci\u00eancia, pois sabemos que o momento exige que algumas atitudes sejam tomadas, a fim de evitar ao m\u00e1ximo que casos do Coronav\u00edrs cheguem ao nosso munic\u00edpio\u201d, declarou Anna Lorena.<\/p>\n\n\n\n<p>De acordo com as novas normas est\u00e3o suspensos os servi\u00e7os do N\u00facleos de Apoio \u00e0 Sa\u00fade da Fam\u00edlia (NASF), Centro de Especialidades Odontol\u00f3gicas (CEO), Centro da Mulher, Centro de Reabilita\u00e7\u00e3o (CER II), Programa Crian\u00e7a Feliz, Servi\u00e7o de Conviv\u00eancia e Fortalecimento de V\u00ednculos, servi\u00e7os de TFD e cirurgias eletivas no HRSF.<\/p>\n\n\n\n<p>O Laborat\u00f3rio Municipal priorizar\u00e1 as gestantes e exames de emerg\u00eancia da UPA, o Programa Melhor em casa continua atendendo casos de necessidade como curativos e trocas de sondas, aspira\u00e7\u00f5es. J\u00e1 o CAPS I e AD 3 atender\u00e3o ate \u00e0s 13 horas para dispensa\u00e7\u00e3o de medicamentos para os pacientes, por\u00e9m as oficinas est\u00e3o suspensas. Col\u00edrios vai ser feito um cronograma pra entrega durante toda a semana.<\/p>\n\n\n\n<p>A entrega dos col\u00edrios para os pacientes de Glaucoma ocorrer\u00e1 durante toda a pr\u00f3xima semana, evitando assim a aglomera\u00e7\u00e3o no CEMED tendo em vista o grande n\u00famero de beneficiados. Idosos receber\u00e3o vacina da gripe em domicilio a partir da pr\u00f3xima segunda-feira, 23, conforme um programa feito pelas equipes.<\/p>\n\n\n\n<p>Para os pacientes que necessitam pegar medicamentos, seja na Farm\u00e1cia Municipal quanto Estadual, as entregas ser\u00e3o feitas normalmente. A \u00fanica mudan\u00e7a que ser\u00e1 feita \u00e9 no tocante \u00e0 validade da receita, que agora ser\u00e1 v\u00e1lida por seis meses.<\/p>\n\n\n\n<p>As consultas suspensas ser\u00e3o remarcadas e os atendimentos nas reparti\u00e7\u00f5es acontecer\u00e3o das 07 \u00e0s 10 horas apenas para atendimentos indispens\u00e1veis.<br>J\u00e1 o Conselho Tutelar estar\u00e1 atendendo atrav\u00e9s dos telefones: 3351 \u2013 1537 e 99611-2040.<\/p>\n\n\n\n<p>A Cesta Social ser\u00e1 antecipada e acontecer\u00e1 a partir da segunda-feira de acordo com as cores dos cart\u00f5es. Na segunda recebem os benefici\u00e1rios do cart\u00e3o cor Branco, na ter\u00e7a cart\u00e3o cor Azul, na quarta cart\u00e3o cor Rosa , na quinta cart\u00e3o cor Verde e na sexta-feira o cart\u00e3o cor Amarelo. O refor\u00e7o de alimenta\u00e7\u00e3o do Nen\u00e9m Fortinho tamb\u00e9m ser\u00e1 feita durante toda a semana.<\/p>\n\n\n\n<p>\u201cN\u00e3o precisamos de p\u00e2nico, nem causar o alvoro\u00e7o. Precisamos prevenir, e a preven\u00e7\u00e3o neste momento se faz com o resguardo das pessoas em suas casas, evitando aglomera\u00e7\u00f5es de qualquer natureza, assim como est\u00e3o fazendo as igrejas e tantos outros \u00f3rg\u00e3os\u201d, acrescenta a prefeita Anna Lorena.<br>Utilidade P\u00fablica<\/p>\n\n\n\n<p>Para a popula\u00e7\u00e3o que tenha qualquer d\u00favida a cerca dos sintomas do Covid-19, est\u00e3o dispon\u00edveis os n\u00fameros: 136 (Disque Sa\u00fade) e 83.99146-9790 (Plant\u00e3o tira-d\u00favidas 24h) e Vigil\u00e2ncia em Sa\u00fade 996148796 &#8211; 998013833<\/p>\n","protected":false},"excerpt":{"rendered":"<p>A Prefeita Anna Lorena anunciou que alguns servi\u00e7os da \u00e1rea da sa\u00fade do munic\u00edpio sofrer\u00e3o altera\u00e7\u00f5es tendo em vista a atual circunst\u00e2ncia da pandemia que&hellip; <\/p>\n","protected":false},"author":2,"featured_media":159316,"comment_status":"closed","ping_status":"closed","sticky":false,"template":"","format":"standard","meta":{"sfsi_plus_gutenberg_text_before_share":"","sfsi_plus_gutenberg_show_text_before_share":"","sfsi_plus_gutenberg_icon_type":"","sfsi_plus_gutenberg_icon_alignemt":"","sfsi_plus_gutenburg_max_per_row":"","footnotes":""},"categories":[2],"tags":[],"class_list":["post-159315","post","type-post","status-publish","format-standard","has-post-thumbnail","hentry","category-geral"],"_links":{"self":[{"href":"https:\/\/www.caririemacao.com\/1\/wp-json\/wp\/v2\/posts\/159315","targetHints":{"allow":["GET"]}}],"collection":[{"href":"https:\/\/www.caririemacao.com\/1\/wp-json\/wp\/v2\/posts"}],"about":[{"href":"https:\/\/www.caririemacao.com\/1\/wp-json\/wp\/v2\/types\/post"}],"author":[{"embeddable":true,"href":"https:\/\/www.caririemacao.com\/1\/wp-json\/wp\/v2\/users\/2"}],"replies":[{"embeddable":true,"href":"https:\/\/www.caririemacao.com\/1\/wp-json\/wp\/v2\/comments?post=159315"}],"version-history":[{"count":1,"href":"https:\/\/www.caririemacao.com\/1\/wp-json\/wp\/v2\/posts\/159315\/revisions"}],"predecessor-version":[{"id":159317,"href":"https:\/\/www.caririemacao.com\/1\/wp-json\/wp\/v2\/posts\/159315\/revisions\/159317"}],"wp:featuredmedia":[{"embeddable":true,"href":"https:\/\/www.caririemacao.com\/1\/wp-json\/wp\/v2\/media\/159316"}],"wp:attachment":[{"href":"https:\/\/www.caririemacao.com\/1\/wp-json\/wp\/v2\/media?parent=159315"}],"wp:term":[{"taxonomy":"category","embeddable":true,"href":"https:\/\/www.caririemacao.com\/1\/wp-json\/wp\/v2\/categories?post=159315"},{"taxonomy":"post_tag","embeddable":true,"href":"https:\/\/www.caririemacao.com\/1\/wp-json\/wp\/v2\/tags?post=159315"}],"curies":[{"name":"wp","href":"https:\/\/api.w.org\/{rel}","templated":true}]}}