{"id":159318,"date":"2020-03-21T08:13:14","date_gmt":"2020-03-21T11:13:14","guid":{"rendered":"http:\/\/www.caririemacao.com\/1\/?p=159318"},"modified":"2020-03-21T11:01:42","modified_gmt":"2020-03-21T14:01:42","slug":"prefeitura-de-de-monteiro-amtecipa-primeira-parcela-do-decimo-terceiro-para-aposentados-pensionistas-e-inativos","status":"publish","type":"post","link":"https:\/\/www.caririemacao.com\/1\/2020\/03\/21\/prefeitura-de-de-monteiro-amtecipa-primeira-parcela-do-decimo-terceiro-para-aposentados-pensionistas-e-inativos\/","title":{"rendered":"Prefeitura de  monteiro  antecipa primeira parcela do  d\u00e9cimo terceiro para aposentados, pensionistas e inativos"},"content":{"rendered":"\n<p>A prefeita Anna Lorena anunciou na tarde desta quinta-feira, 19, que realizar\u00e1 a libera\u00e7\u00e3o da primeira parcela do 13\u00ba sal\u00e1rio para aposentados, pensionistas e inativos.<\/p>\n\n\n\n<p>Segundo a gestora, a antecipa\u00e7\u00e3o dos valores se d\u00e1 devido \u00e0 situa\u00e7\u00e3o de risco em que estas pessoas se encontram, \u201ccom esta a\u00e7\u00e3o visamos ajudar estas pessoas que de certa forma precisam se precaver contra o Coronav\u00edrus. Temos observado que os idosos, principalmente, necessitam comprar rem\u00e9dio e outros itens necess\u00e1rios\u201d.<\/p>\n\n\n\n<p>O pagamento est\u00e1 previsto para acontecer no in\u00edcio de abril. A data ser\u00e1 informada para a popula\u00e7\u00e3o atrav\u00e9s da Secretaria de Comunica\u00e7\u00e3o, conforme informa\u00e7\u00f5es da gestora.<\/p>\n","protected":false},"excerpt":{"rendered":"<p>A prefeita Anna Lorena anunciou na tarde desta quinta-feira, 19, que realizar\u00e1 a libera\u00e7\u00e3o da primeira parcela do 13\u00ba sal\u00e1rio para aposentados, pensionistas e inativos.&hellip; <\/p>\n","protected":false},"author":2,"featured_media":159319,"comment_status":"closed","ping_status":"closed","sticky":false,"template":"","format":"standard","meta":{"sfsi_plus_gutenberg_text_before_share":"","sfsi_plus_gutenberg_show_text_before_share":"","sfsi_plus_gutenberg_icon_type":"","sfsi_plus_gutenberg_icon_alignemt":"","sfsi_plus_gutenburg_max_per_row":"","footnotes":""},"categories":[2],"tags":[],"class_list":["post-159318","post","type-post","status-publish","format-standard","has-post-thumbnail","hentry","category-geral"],"_links":{"self":[{"href":"https:\/\/www.caririemacao.com\/1\/wp-json\/wp\/v2\/posts\/159318","targetHints":{"allow":["GET"]}}],"collection":[{"href":"https:\/\/www.caririemacao.com\/1\/wp-json\/wp\/v2\/posts"}],"about":[{"href":"https:\/\/www.caririemacao.com\/1\/wp-json\/wp\/v2\/types\/post"}],"author":[{"embeddable":true,"href":"https:\/\/www.caririemacao.com\/1\/wp-json\/wp\/v2\/users\/2"}],"replies":[{"embeddable":true,"href":"https:\/\/www.caririemacao.com\/1\/wp-json\/wp\/v2\/comments?post=159318"}],"version-history":[{"count":3,"href":"https:\/\/www.caririemacao.com\/1\/wp-json\/wp\/v2\/posts\/159318\/revisions"}],"predecessor-version":[{"id":159391,"href":"https:\/\/www.caririemacao.com\/1\/wp-json\/wp\/v2\/posts\/159318\/revisions\/159391"}],"wp:featuredmedia":[{"embeddable":true,"href":"https:\/\/www.caririemacao.com\/1\/wp-json\/wp\/v2\/media\/159319"}],"wp:attachment":[{"href":"https:\/\/www.caririemacao.com\/1\/wp-json\/wp\/v2\/media?parent=159318"}],"wp:term":[{"taxonomy":"category","embeddable":true,"href":"https:\/\/www.caririemacao.com\/1\/wp-json\/wp\/v2\/categories?post=159318"},{"taxonomy":"post_tag","embeddable":true,"href":"https:\/\/www.caririemacao.com\/1\/wp-json\/wp\/v2\/tags?post=159318"}],"curies":[{"name":"wp","href":"https:\/\/api.w.org\/{rel}","templated":true}]}}