{"id":159324,"date":"2020-03-21T08:17:47","date_gmt":"2020-03-21T11:17:47","guid":{"rendered":"http:\/\/www.caririemacao.com\/1\/?p=159324"},"modified":"2020-03-21T08:17:48","modified_gmt":"2020-03-21T11:17:48","slug":"bancos-e-lotericas-fecharao-por-15-dias-em-municipios-da-pb-com-casos-confirmados-de-coronavirus","status":"publish","type":"post","link":"https:\/\/www.caririemacao.com\/1\/2020\/03\/21\/bancos-e-lotericas-fecharao-por-15-dias-em-municipios-da-pb-com-casos-confirmados-de-coronavirus\/","title":{"rendered":"Bancos e lot\u00e9ricas fechar\u00e3o por 15 dias em munic\u00edpios da PB com casos confirmados de coronav\u00edrus"},"content":{"rendered":"\n<p><a href=\"https:\/\/g1.globo.com\/pb\/paraiba\/noticia\/2020\/03\/20\/agencias-bancarias-na-pb-limitam-entrada-de-clientes-e-sindicato-pede-suspensao-de-atendimento.ghtml\">Bancos e casas lot\u00e9ricas localizados em munic\u00edpios da Para\u00edba<\/a>&nbsp;com casos confirmados de infec\u00e7\u00e3o pelo novo coronav\u00edrus ficar\u00e3o fechados pelo per\u00edodo de 15 dias. O an\u00fancio da decis\u00e3o foi feito em uma entrevista coletiva na noite desta sexta-feira (20) pelo governador do estado, Jo\u00e3o Azev\u00eado. A medida ser\u00e1 v\u00e1lida a partir do domingo (22) e ser\u00e1 oficializada por meio de um decreto, publicado no Di\u00e1rio Oficial do Estado (DOE) no s\u00e1bado (21).<\/p>\n\n\n\n<p>Jo\u00e3o Pessoa \u00e9 primeira cidade do estado a ter um caso de contamina\u00e7\u00e3o pelo coronav\u00edrus confirmado. O paciente \u00e9 um idoso de 60 anos. O paciente tem hist\u00f3rico de viagem \u00e0 Europa. Ele retornou ao Brasil no dia 29 de fevereiro. O homem foi atendido em uma unidade de sa\u00fade da rede particular, passou por isolamento domiciliar e est\u00e1 fora do per\u00edodo de contamina\u00e7\u00e3o da doen\u00e7a.<\/p>\n\n\n\n<p>A suspens\u00e3o de atividades tamb\u00e9m ser\u00e1 estendida para bares, cinemas, restaurantes, academias, shoppings, galerias comerciais, cinemas, teatros e casas de festas.<\/p>\n\n\n\n<p>S\u00f3 ter\u00e3o permiss\u00e3o de funcionamento estabelecimentos que oferecem servi\u00e7os essenciais como supermercados, farm\u00e1cias, postos de combust\u00edveis, unidades de sa\u00fade e funer\u00e1rias.<\/p>\n\n\n\n<p>Outras medidas foram anunciadas pelo governador como a suspens\u00e3o de transporte p\u00fablico coletivo intermunicipal entre os munic\u00edpios de Jo\u00e3o Pessoa e Campina Grande, durante o s\u00e1bado (21) e domingo (22). Na segunda-feira (23), a frota voltar\u00e1 a funcionar de forma reduzida. J\u00e1 os transportes que interligam todos os munic\u00edpios da Para\u00edba, ter\u00e3o a frota reduzida a partir deste s\u00e1bado (21).<\/p>\n\n\n\n<p>Jo\u00e3o informou ainda que vai solicitar o pagamento de bolsas para profissionais aut\u00f4nomos que tiverem as atividades profissionais suspensas.<\/p>\n\n\n\n<p>Outras a\u00e7\u00f5es que ser\u00e3o oficializadas no mesmo decreto foram anunciadas na quinta-feira (19). Entre elas, a&nbsp;<a href=\"https:\/\/g1.globo.com\/pb\/paraiba\/noticia\/2020\/03\/19\/coronavirus-aeroportos-e-rodovias-federais-da-paraiba-terao-barreiras-sanitarias.ghtml\">implanta\u00e7\u00e3o de barreiras sanit\u00e1rias em aeroportos e rodovias federais do estado<\/a>.<\/p>\n\n\n\n<p>O desembarque e a circula\u00e7\u00e3o da tripula\u00e7\u00e3o de navios de carga no Porto de Cabedelo e das atividades das feiras de neg\u00f3cios do Mercado de Artesanato Paraibano e do Centro de Artesanato J\u00falio Rafael tamb\u00e9m ser\u00e3o suspensos.<\/p>\n","protected":false},"excerpt":{"rendered":"<p>Bancos e casas lot\u00e9ricas localizados em munic\u00edpios da Para\u00edba&nbsp;com casos confirmados de infec\u00e7\u00e3o pelo novo coronav\u00edrus ficar\u00e3o fechados pelo per\u00edodo de 15 dias. O an\u00fancio&hellip; <\/p>\n","protected":false},"author":2,"featured_media":159325,"comment_status":"closed","ping_status":"closed","sticky":false,"template":"","format":"standard","meta":{"sfsi_plus_gutenberg_text_before_share":"","sfsi_plus_gutenberg_show_text_before_share":"","sfsi_plus_gutenberg_icon_type":"","sfsi_plus_gutenberg_icon_alignemt":"","sfsi_plus_gutenburg_max_per_row":"","footnotes":""},"categories":[2],"tags":[],"class_list":["post-159324","post","type-post","status-publish","format-standard","has-post-thumbnail","hentry","category-geral"],"_links":{"self":[{"href":"https:\/\/www.caririemacao.com\/1\/wp-json\/wp\/v2\/posts\/159324","targetHints":{"allow":["GET"]}}],"collection":[{"href":"https:\/\/www.caririemacao.com\/1\/wp-json\/wp\/v2\/posts"}],"about":[{"href":"https:\/\/www.caririemacao.com\/1\/wp-json\/wp\/v2\/types\/post"}],"author":[{"embeddable":true,"href":"https:\/\/www.caririemacao.com\/1\/wp-json\/wp\/v2\/users\/2"}],"replies":[{"embeddable":true,"href":"https:\/\/www.caririemacao.com\/1\/wp-json\/wp\/v2\/comments?post=159324"}],"version-history":[{"count":1,"href":"https:\/\/www.caririemacao.com\/1\/wp-json\/wp\/v2\/posts\/159324\/revisions"}],"predecessor-version":[{"id":159326,"href":"https:\/\/www.caririemacao.com\/1\/wp-json\/wp\/v2\/posts\/159324\/revisions\/159326"}],"wp:featuredmedia":[{"embeddable":true,"href":"https:\/\/www.caririemacao.com\/1\/wp-json\/wp\/v2\/media\/159325"}],"wp:attachment":[{"href":"https:\/\/www.caririemacao.com\/1\/wp-json\/wp\/v2\/media?parent=159324"}],"wp:term":[{"taxonomy":"category","embeddable":true,"href":"https:\/\/www.caririemacao.com\/1\/wp-json\/wp\/v2\/categories?post=159324"},{"taxonomy":"post_tag","embeddable":true,"href":"https:\/\/www.caririemacao.com\/1\/wp-json\/wp\/v2\/tags?post=159324"}],"curies":[{"name":"wp","href":"https:\/\/api.w.org\/{rel}","templated":true}]}}